{"id":2087,"date":"2018-10-23T17:34:23","date_gmt":"2018-10-23T15:34:23","guid":{"rendered":"https:\/\/cok.hr\/en\/?p=2087"},"modified":"2018-10-27T12:41:14","modified_gmt":"2018-10-27T10:41:14","slug":"international-conference-energy-security-in-croatia-and-beyond","status":"publish","type":"post","link":"https:\/\/cok.hr\/en\/international-conference-energy-security-in-croatia-and-beyond\/","title":{"rendered":"International Conference: Energy Security in Croatia and Beyond"},"content":{"rendered":"<figure id=\"attachment_2043\" aria-describedby=\"caption-attachment-2043\" style=\"width: 1024px\" class=\"wp-caption alignnone\"><img fetchpriority=\"high\" decoding=\"async\" class=\"wp-image-2043 size-large\" src=\"https:\/\/cok.hr\/en\/wp-content\/uploads\/2018\/10\/DSC_8013-1-1024x684.jpg\" alt=\"\" width=\"1024\" height=\"684\" srcset=\"https:\/\/cok.hr\/en\/wp-content\/uploads\/2018\/10\/DSC_8013-1-1024x684.jpg 1024w, https:\/\/cok.hr\/en\/wp-content\/uploads\/2018\/10\/DSC_8013-1-270x180.jpg 270w, https:\/\/cok.hr\/en\/wp-content\/uploads\/2018\/10\/DSC_8013-1-768x513.jpg 768w, https:\/\/cok.hr\/en\/wp-content\/uploads\/2018\/10\/DSC_8013-1.jpg 1618w\" sizes=\"(max-width: 1024px) 100vw, 1024px\" \/><figcaption id=\"caption-attachment-2043\" class=\"wp-caption-text\">Croatian President Kolinda Grabar-Kitarovi\u0107 greeting \u017dygimantas Vai\u010diunas, Energy Minister of Lithuania, and Stjepo Bartulica, President of The Center for Renewal of Culture<\/figcaption><\/figure>\n<figure id=\"attachment_2045\" aria-describedby=\"caption-attachment-2045\" style=\"width: 1024px\" class=\"wp-caption alignnone\"><img decoding=\"async\" class=\"wp-image-2045 size-large\" src=\"https:\/\/cok.hr\/en\/wp-content\/uploads\/2018\/10\/DSC_8014-1-1024x684.jpg\" alt=\"\" width=\"1024\" height=\"684\" srcset=\"https:\/\/cok.hr\/en\/wp-content\/uploads\/2018\/10\/DSC_8014-1-1024x684.jpg 1024w, https:\/\/cok.hr\/en\/wp-content\/uploads\/2018\/10\/DSC_8014-1-1536x1025.jpg 1536w, https:\/\/cok.hr\/en\/wp-content\/uploads\/2018\/10\/DSC_8014-1-1000x667.jpg 1000w, https:\/\/cok.hr\/en\/wp-content\/uploads\/2018\/10\/DSC_8014-1-230x154.jpg 230w, https:\/\/cok.hr\/en\/wp-content\/uploads\/2018\/10\/DSC_8014-1-350x234.jpg 350w, https:\/\/cok.hr\/en\/wp-content\/uploads\/2018\/10\/DSC_8014-1-480x320.jpg 480w, https:\/\/cok.hr\/en\/wp-content\/uploads\/2018\/10\/DSC_8014-1-270x180.jpg 270w, https:\/\/cok.hr\/en\/wp-content\/uploads\/2018\/10\/DSC_8014-1-768x513.jpg 768w, https:\/\/cok.hr\/en\/wp-content\/uploads\/2018\/10\/DSC_8014-1.jpg 1618w\" sizes=\"(max-width: 1024px) 100vw, 1024px\" \/><figcaption id=\"caption-attachment-2045\" class=\"wp-caption-text\">\u017dygimantas Vai\u010diunas (Energy Minister of Lithuania), Bo\u017eo Petrov (21st Speaker of the Croatian Parliament), Kolinda Grabar Kitarovi\u0107 (President of the Republic of Croatia) and Stjepo Bartulica (President of The Center for Renewal of Culture)<\/figcaption><\/figure>\n<figure id=\"attachment_2058\" aria-describedby=\"caption-attachment-2058\" style=\"width: 1024px\" class=\"wp-caption alignnone\"><img decoding=\"async\" class=\"wp-image-2058 size-large\" src=\"https:\/\/cok.hr\/en\/wp-content\/uploads\/2018\/10\/DSC_3169-2-1024x684.jpg\" alt=\"\" width=\"1024\" height=\"684\" srcset=\"https:\/\/cok.hr\/en\/wp-content\/uploads\/2018\/10\/DSC_3169-2-1024x684.jpg 1024w, https:\/\/cok.hr\/en\/wp-content\/uploads\/2018\/10\/DSC_3169-2-270x180.jpg 270w, https:\/\/cok.hr\/en\/wp-content\/uploads\/2018\/10\/DSC_3169-2-768x513.jpg 768w, https:\/\/cok.hr\/en\/wp-content\/uploads\/2018\/10\/DSC_3169-2.jpg 1618w\" sizes=\"(max-width: 1024px) 100vw, 1024px\" \/><figcaption id=\"caption-attachment-2058\" class=\"wp-caption-text\">Keynote speaker \u017dygimantas Vai\u010diunas, Energy Minister of Lithuania, on floating LNG terminal, Lithuanian experience .<\/figcaption><\/figure>\n<p><img loading=\"lazy\" decoding=\"async\" class=\"alignnone size-large wp-image-2047\" src=\"https:\/\/cok.hr\/en\/wp-content\/uploads\/2018\/10\/DSC_8015-1-1024x684.jpg\" alt=\"\" width=\"1024\" height=\"684\" srcset=\"https:\/\/cok.hr\/en\/wp-content\/uploads\/2018\/10\/DSC_8015-1-1024x684.jpg 1024w, https:\/\/cok.hr\/en\/wp-content\/uploads\/2018\/10\/DSC_8015-1-270x180.jpg 270w, https:\/\/cok.hr\/en\/wp-content\/uploads\/2018\/10\/DSC_8015-1-768x513.jpg 768w, https:\/\/cok.hr\/en\/wp-content\/uploads\/2018\/10\/DSC_8015-1.jpg 1618w\" sizes=\"(max-width: 1024px) 100vw, 1024px\" \/> <img loading=\"lazy\" decoding=\"async\" class=\"alignnone size-large wp-image-2049\" src=\"https:\/\/cok.hr\/en\/wp-content\/uploads\/2018\/10\/DSC_8016-1-1024x684.jpg\" alt=\"\" width=\"1024\" height=\"684\" srcset=\"https:\/\/cok.hr\/en\/wp-content\/uploads\/2018\/10\/DSC_8016-1-1024x684.jpg 1024w, https:\/\/cok.hr\/en\/wp-content\/uploads\/2018\/10\/DSC_8016-1-270x180.jpg 270w, https:\/\/cok.hr\/en\/wp-content\/uploads\/2018\/10\/DSC_8016-1-768x513.jpg 768w, https:\/\/cok.hr\/en\/wp-content\/uploads\/2018\/10\/DSC_8016-1.jpg 1618w\" sizes=\"(max-width: 1024px) 100vw, 1024px\" \/> <img loading=\"lazy\" decoding=\"async\" class=\"alignnone size-large wp-image-2051\" src=\"https:\/\/cok.hr\/en\/wp-content\/uploads\/2018\/10\/DSC_8019-1-1024x684.jpg\" alt=\"\" width=\"1024\" height=\"684\" srcset=\"https:\/\/cok.hr\/en\/wp-content\/uploads\/2018\/10\/DSC_8019-1-1024x684.jpg 1024w, https:\/\/cok.hr\/en\/wp-content\/uploads\/2018\/10\/DSC_8019-1-270x180.jpg 270w, https:\/\/cok.hr\/en\/wp-content\/uploads\/2018\/10\/DSC_8019-1-768x513.jpg 768w, https:\/\/cok.hr\/en\/wp-content\/uploads\/2018\/10\/DSC_8019-1.jpg 1618w\" sizes=\"(max-width: 1024px) 100vw, 1024px\" \/><\/p>\n<figure id=\"attachment_2054\" aria-describedby=\"caption-attachment-2054\" style=\"width: 1024px\" class=\"wp-caption alignnone\"><img loading=\"lazy\" decoding=\"async\" class=\"wp-image-2054 size-large\" src=\"https:\/\/cok.hr\/en\/wp-content\/uploads\/2018\/10\/DSC_3282-1-1024x684.jpg\" alt=\"\" width=\"1024\" height=\"684\" srcset=\"https:\/\/cok.hr\/en\/wp-content\/uploads\/2018\/10\/DSC_3282-1-1024x684.jpg 1024w, https:\/\/cok.hr\/en\/wp-content\/uploads\/2018\/10\/DSC_3282-1-270x180.jpg 270w, https:\/\/cok.hr\/en\/wp-content\/uploads\/2018\/10\/DSC_3282-1-768x513.jpg 768w, https:\/\/cok.hr\/en\/wp-content\/uploads\/2018\/10\/DSC_3282-1.jpg 1618w\" sizes=\"(max-width: 1024px) 100vw, 1024px\" \/><figcaption id=\"caption-attachment-2054\" class=\"wp-caption-text\">Andrzej Jasionowski (Embassy of the Republic of Poland)<\/figcaption><\/figure>\n<p><img loading=\"lazy\" decoding=\"async\" class=\"alignnone size-large wp-image-2056\" src=\"https:\/\/cok.hr\/en\/wp-content\/uploads\/2018\/10\/DSC_3163-1-1024x684.jpg\" alt=\"\" width=\"1024\" height=\"684\" srcset=\"https:\/\/cok.hr\/en\/wp-content\/uploads\/2018\/10\/DSC_3163-1-1024x684.jpg 1024w, https:\/\/cok.hr\/en\/wp-content\/uploads\/2018\/10\/DSC_3163-1-270x180.jpg 270w, https:\/\/cok.hr\/en\/wp-content\/uploads\/2018\/10\/DSC_3163-1-768x513.jpg 768w, https:\/\/cok.hr\/en\/wp-content\/uploads\/2018\/10\/DSC_3163-1.jpg 1618w\" sizes=\"(max-width: 1024px) 100vw, 1024px\" \/><\/p>\n<p><img loading=\"lazy\" decoding=\"async\" class=\"alignnone size-large wp-image-2060\" src=\"https:\/\/cok.hr\/en\/wp-content\/uploads\/2018\/10\/DSC_3171-1-1024x684.jpg\" alt=\"\" width=\"1024\" height=\"684\" srcset=\"https:\/\/cok.hr\/en\/wp-content\/uploads\/2018\/10\/DSC_3171-1-1024x684.jpg 1024w, https:\/\/cok.hr\/en\/wp-content\/uploads\/2018\/10\/DSC_3171-1-270x180.jpg 270w, https:\/\/cok.hr\/en\/wp-content\/uploads\/2018\/10\/DSC_3171-1-768x513.jpg 768w, https:\/\/cok.hr\/en\/wp-content\/uploads\/2018\/10\/DSC_3171-1.jpg 1618w\" sizes=\"(max-width: 1024px) 100vw, 1024px\" \/> <img loading=\"lazy\" decoding=\"async\" class=\"alignnone size-large wp-image-2062\" src=\"https:\/\/cok.hr\/en\/wp-content\/uploads\/2018\/10\/DSC_3188-1024x684.jpg\" alt=\"\" width=\"1024\" height=\"684\" srcset=\"https:\/\/cok.hr\/en\/wp-content\/uploads\/2018\/10\/DSC_3188-1024x684.jpg 1024w, https:\/\/cok.hr\/en\/wp-content\/uploads\/2018\/10\/DSC_3188-270x180.jpg 270w, https:\/\/cok.hr\/en\/wp-content\/uploads\/2018\/10\/DSC_3188-768x513.jpg 768w, https:\/\/cok.hr\/en\/wp-content\/uploads\/2018\/10\/DSC_3188.jpg 1618w\" sizes=\"(max-width: 1024px) 100vw, 1024px\" \/><img loading=\"lazy\" decoding=\"async\" class=\"alignnone size-large wp-image-2070\" src=\"https:\/\/cok.hr\/en\/wp-content\/uploads\/2018\/10\/DSC_3163-2-1024x684.jpg\" alt=\"\" width=\"1024\" height=\"684\" srcset=\"https:\/\/cok.hr\/en\/wp-content\/uploads\/2018\/10\/DSC_3163-2-1024x684.jpg 1024w, https:\/\/cok.hr\/en\/wp-content\/uploads\/2018\/10\/DSC_3163-2-270x180.jpg 270w, https:\/\/cok.hr\/en\/wp-content\/uploads\/2018\/10\/DSC_3163-2-768x513.jpg 768w, https:\/\/cok.hr\/en\/wp-content\/uploads\/2018\/10\/DSC_3163-2.jpg 1618w\" sizes=\"(max-width: 1024px) 100vw, 1024px\" \/><\/p>\n<figure id=\"attachment_2072\" aria-describedby=\"caption-attachment-2072\" style=\"width: 1024px\" class=\"wp-caption alignnone\"><img loading=\"lazy\" decoding=\"async\" class=\"wp-image-2072 size-large\" src=\"https:\/\/cok.hr\/en\/wp-content\/uploads\/2018\/10\/DSC_3209-1-1024x684.jpg\" alt=\"\" width=\"1024\" height=\"684\" srcset=\"https:\/\/cok.hr\/en\/wp-content\/uploads\/2018\/10\/DSC_3209-1-1024x684.jpg 1024w, https:\/\/cok.hr\/en\/wp-content\/uploads\/2018\/10\/DSC_3209-1-270x180.jpg 270w, https:\/\/cok.hr\/en\/wp-content\/uploads\/2018\/10\/DSC_3209-1-768x513.jpg 768w, https:\/\/cok.hr\/en\/wp-content\/uploads\/2018\/10\/DSC_3209-1.jpg 1618w\" sizes=\"(max-width: 1024px) 100vw, 1024px\" \/><figcaption id=\"caption-attachment-2072\" class=\"wp-caption-text\">First panel (left to right): Ivan Brodi\u0107 (moderator), \u017dygimantas Vai\u010diunas (Energy Minister of Lithuania), Barbara Dori\u0107, (General Manager, LNG Croatia), Domagoj Valid\u017ei\u0107 (Ministry of Environment and Energy, Assistant Minister), Ante \u010cikoti\u0107 (former State Secretary for Energy)<\/figcaption><\/figure>\n<figure id=\"attachment_2074\" aria-describedby=\"caption-attachment-2074\" style=\"width: 1024px\" class=\"wp-caption alignnone\"><img loading=\"lazy\" decoding=\"async\" class=\"wp-image-2074 size-large\" src=\"https:\/\/cok.hr\/en\/wp-content\/uploads\/2018\/10\/DSC_3303-1-1024x684.jpg\" alt=\"\" width=\"1024\" height=\"684\" srcset=\"https:\/\/cok.hr\/en\/wp-content\/uploads\/2018\/10\/DSC_3303-1-1024x684.jpg 1024w, https:\/\/cok.hr\/en\/wp-content\/uploads\/2018\/10\/DSC_3303-1-270x180.jpg 270w, https:\/\/cok.hr\/en\/wp-content\/uploads\/2018\/10\/DSC_3303-1-768x513.jpg 768w, https:\/\/cok.hr\/en\/wp-content\/uploads\/2018\/10\/DSC_3303-1.jpg 1618w\" sizes=\"(max-width: 1024px) 100vw, 1024px\" \/><figcaption id=\"caption-attachment-2074\" class=\"wp-caption-text\">Second panel (left to right): Hrvoje Kre\u0161i\u0107 (N1 TV, moderator), Nick Loris (Senior Fellow, Heritage Foundation, Washington DC), Davor Ivo Stier (Member of the Croatian Parliament), Andr\u00e1s Aradszki (Member of the Hungarian Parliament)<\/figcaption><\/figure>\n<p><img loading=\"lazy\" decoding=\"async\" class=\"alignnone size-large wp-image-2076\" src=\"https:\/\/cok.hr\/en\/wp-content\/uploads\/2018\/10\/DSC_3315-1024x684.jpg\" alt=\"\" width=\"1024\" height=\"684\" srcset=\"https:\/\/cok.hr\/en\/wp-content\/uploads\/2018\/10\/DSC_3315-1024x684.jpg 1024w, https:\/\/cok.hr\/en\/wp-content\/uploads\/2018\/10\/DSC_3315-270x180.jpg 270w, https:\/\/cok.hr\/en\/wp-content\/uploads\/2018\/10\/DSC_3315-768x513.jpg 768w, https:\/\/cok.hr\/en\/wp-content\/uploads\/2018\/10\/DSC_3315.jpg 1618w\" sizes=\"(max-width: 1024px) 100vw, 1024px\" \/><\/p>\n<figure id=\"attachment_2082\" aria-describedby=\"caption-attachment-2082\" style=\"width: 1024px\" class=\"wp-caption alignnone\"><img loading=\"lazy\" decoding=\"async\" class=\"wp-image-2082 size-large\" src=\"https:\/\/cok.hr\/en\/wp-content\/uploads\/2018\/10\/DSC_3405-1-1024x684.jpg\" alt=\"\" width=\"1024\" height=\"684\" srcset=\"https:\/\/cok.hr\/en\/wp-content\/uploads\/2018\/10\/DSC_3405-1-1024x684.jpg 1024w, https:\/\/cok.hr\/en\/wp-content\/uploads\/2018\/10\/DSC_3405-1-270x180.jpg 270w, https:\/\/cok.hr\/en\/wp-content\/uploads\/2018\/10\/DSC_3405-1-768x513.jpg 768w, https:\/\/cok.hr\/en\/wp-content\/uploads\/2018\/10\/DSC_3405-1.jpg 1618w\" sizes=\"(max-width: 1024px) 100vw, 1024px\" \/><figcaption id=\"caption-attachment-2082\" class=\"wp-caption-text\">Nick Loris (Senior Fellow, Heritage Foundation, Washington DC) and Robin Harris (Vice President of Center for Renewal of Culture)<\/figcaption><\/figure>\n","protected":false},"excerpt":{"rendered":"","protected":false},"author":3,"featured_media":2046,"comment_status":"closed","ping_status":"closed","sticky":false,"template":"","format":"standard","meta":{"footnotes":""},"categories":[236,235],"tags":[],"class_list":["post-2087","post","type-post","status-publish","format-standard","has-post-thumbnail","hentry","category-business-and-economics","category-events"],"yoast_head":"<!-- This site is optimized with the Yoast SEO plugin v27.3 - https:\/\/yoast.com\/product\/yoast-seo-wordpress\/ -->\n<title>International Conference: Energy Security in Croatia and Beyond - Center for the Renewal of Culture<\/title>\n<meta name=\"robots\" content=\"index, follow, max-snippet:-1, max-image-preview:large, max-video-preview:-1\" \/>\n<link rel=\"canonical\" href=\"https:\/\/cok.hr\/en\/en\/international-conference-energy-security-in-croatia-and-beyond\/\" \/>\n<meta property=\"og:locale\" content=\"en_GB\" \/>\n<meta property=\"og:type\" content=\"article\" \/>\n<meta property=\"og:title\" content=\"International Conference: Energy Security in Croatia and Beyond - Center for the Renewal of Culture\" \/>\n<meta property=\"og:url\" content=\"https:\/\/cok.hr\/en\/en\/international-conference-energy-security-in-croatia-and-beyond\/\" \/>\n<meta property=\"og:site_name\" content=\"Center for the Renewal of Culture\" \/>\n<meta property=\"article:publisher\" content=\"https:\/\/www.facebook.com\/cok.hr\/\" \/>\n<meta property=\"article:published_time\" content=\"2018-10-23T15:34:23+00:00\" \/>\n<meta property=\"article:modified_time\" content=\"2018-10-27T10:41:14+00:00\" \/>\n<meta property=\"og:image\" content=\"https:\/\/cok.hr\/en\/wp-content\/uploads\/2018\/10\/DSC_8014-1.jpg\" \/>\n\t<meta property=\"og:image:width\" content=\"1618\" \/>\n\t<meta property=\"og:image:height\" content=\"1080\" \/>\n\t<meta property=\"og:image:type\" content=\"image\/jpeg\" \/>\n<meta name=\"author\" content=\"Admin\" \/>\n<meta name=\"twitter:card\" content=\"summary_large_image\" \/>\n<meta name=\"twitter:label1\" content=\"Written by\" \/>\n\t<meta name=\"twitter:data1\" content=\"Admin\" \/>\n\t<meta name=\"twitter:label2\" content=\"Estimated reading time\" \/>\n\t<meta name=\"twitter:data2\" content=\"1 minute\" \/>\n<script type=\"application\/ld+json\" class=\"yoast-schema-graph\">{\"@context\":\"https:\\\/\\\/schema.org\",\"@graph\":[{\"@type\":\"Article\",\"@id\":\"https:\\\/\\\/cok.hr\\\/en\\\/en\\\/international-conference-energy-security-in-croatia-and-beyond\\\/#article\",\"isPartOf\":{\"@id\":\"https:\\\/\\\/cok.hr\\\/en\\\/en\\\/international-conference-energy-security-in-croatia-and-beyond\\\/\"},\"author\":{\"name\":\"Admin\",\"@id\":\"https:\\\/\\\/cok.hr\\\/en\\\/#\\\/schema\\\/person\\\/0e4e434753b0372bece32f48c86f47af\"},\"headline\":\"International Conference: Energy Security in Croatia and Beyond\",\"datePublished\":\"2018-10-23T15:34:23+00:00\",\"dateModified\":\"2018-10-27T10:41:14+00:00\",\"mainEntityOfPage\":{\"@id\":\"https:\\\/\\\/cok.hr\\\/en\\\/en\\\/international-conference-energy-security-in-croatia-and-beyond\\\/\"},\"wordCount\":231,\"publisher\":{\"@id\":\"https:\\\/\\\/cok.hr\\\/en\\\/#organization\"},\"image\":{\"@id\":\"https:\\\/\\\/cok.hr\\\/en\\\/en\\\/international-conference-energy-security-in-croatia-and-beyond\\\/#primaryimage\"},\"thumbnailUrl\":\"https:\\\/\\\/cok.hr\\\/en\\\/wp-content\\\/uploads\\\/2018\\\/10\\\/DSC_8014-1.jpg\",\"articleSection\":[\"Business and Economics\",\"Events\"],\"inLanguage\":\"en-GB\"},{\"@type\":\"WebPage\",\"@id\":\"https:\\\/\\\/cok.hr\\\/en\\\/en\\\/international-conference-energy-security-in-croatia-and-beyond\\\/\",\"url\":\"https:\\\/\\\/cok.hr\\\/en\\\/en\\\/international-conference-energy-security-in-croatia-and-beyond\\\/\",\"name\":\"International Conference: Energy Security in Croatia and Beyond - Center for the Renewal of Culture\",\"isPartOf\":{\"@id\":\"https:\\\/\\\/cok.hr\\\/en\\\/#website\"},\"primaryImageOfPage\":{\"@id\":\"https:\\\/\\\/cok.hr\\\/en\\\/en\\\/international-conference-energy-security-in-croatia-and-beyond\\\/#primaryimage\"},\"image\":{\"@id\":\"https:\\\/\\\/cok.hr\\\/en\\\/en\\\/international-conference-energy-security-in-croatia-and-beyond\\\/#primaryimage\"},\"thumbnailUrl\":\"https:\\\/\\\/cok.hr\\\/en\\\/wp-content\\\/uploads\\\/2018\\\/10\\\/DSC_8014-1.jpg\",\"datePublished\":\"2018-10-23T15:34:23+00:00\",\"dateModified\":\"2018-10-27T10:41:14+00:00\",\"breadcrumb\":{\"@id\":\"https:\\\/\\\/cok.hr\\\/en\\\/en\\\/international-conference-energy-security-in-croatia-and-beyond\\\/#breadcrumb\"},\"inLanguage\":\"en-GB\",\"potentialAction\":[{\"@type\":\"ReadAction\",\"target\":[\"https:\\\/\\\/cok.hr\\\/en\\\/en\\\/international-conference-energy-security-in-croatia-and-beyond\\\/\"]}]},{\"@type\":\"ImageObject\",\"inLanguage\":\"en-GB\",\"@id\":\"https:\\\/\\\/cok.hr\\\/en\\\/en\\\/international-conference-energy-security-in-croatia-and-beyond\\\/#primaryimage\",\"url\":\"https:\\\/\\\/cok.hr\\\/en\\\/wp-content\\\/uploads\\\/2018\\\/10\\\/DSC_8014-1.jpg\",\"contentUrl\":\"https:\\\/\\\/cok.hr\\\/en\\\/wp-content\\\/uploads\\\/2018\\\/10\\\/DSC_8014-1.jpg\",\"width\":1618,\"height\":1080},{\"@type\":\"BreadcrumbList\",\"@id\":\"https:\\\/\\\/cok.hr\\\/en\\\/en\\\/international-conference-energy-security-in-croatia-and-beyond\\\/#breadcrumb\",\"itemListElement\":[{\"@type\":\"ListItem\",\"position\":1,\"name\":\"Home\",\"item\":\"https:\\\/\\\/cok.hr\\\/en\\\/\"},{\"@type\":\"ListItem\",\"position\":2,\"name\":\"International Conference: Energy Security in Croatia and Beyond\"}]},{\"@type\":\"WebSite\",\"@id\":\"https:\\\/\\\/cok.hr\\\/en\\\/#website\",\"url\":\"https:\\\/\\\/cok.hr\\\/en\\\/\",\"name\":\"Centar za obnovu kulture | Center for the Renewal of Culture\",\"description\":\"The centre of our efforts is the renewal of the Croatian culture, in a broader sense.\",\"publisher\":{\"@id\":\"https:\\\/\\\/cok.hr\\\/en\\\/#organization\"},\"potentialAction\":[{\"@type\":\"SearchAction\",\"target\":{\"@type\":\"EntryPoint\",\"urlTemplate\":\"https:\\\/\\\/cok.hr\\\/en\\\/?s={search_term_string}\"},\"query-input\":{\"@type\":\"PropertyValueSpecification\",\"valueRequired\":true,\"valueName\":\"search_term_string\"}}],\"inLanguage\":\"en-GB\"},{\"@type\":\"Organization\",\"@id\":\"https:\\\/\\\/cok.hr\\\/en\\\/#organization\",\"name\":\"Centar za obnovu kulture\",\"url\":\"https:\\\/\\\/cok.hr\\\/en\\\/\",\"logo\":{\"@type\":\"ImageObject\",\"inLanguage\":\"en-GB\",\"@id\":\"https:\\\/\\\/cok.hr\\\/en\\\/#\\\/schema\\\/logo\\\/image\\\/\",\"url\":\"https:\\\/\\\/cok.hr\\\/en\\\/wp-content\\\/uploads\\\/2018\\\/09\\\/logo-street.png\",\"contentUrl\":\"https:\\\/\\\/cok.hr\\\/en\\\/wp-content\\\/uploads\\\/2018\\\/09\\\/logo-street.png\",\"width\":1279,\"height\":533,\"caption\":\"Centar za obnovu kulture\"},\"image\":{\"@id\":\"https:\\\/\\\/cok.hr\\\/en\\\/#\\\/schema\\\/logo\\\/image\\\/\"},\"sameAs\":[\"https:\\\/\\\/www.facebook.com\\\/cok.hr\\\/\"]},{\"@type\":\"Person\",\"@id\":\"https:\\\/\\\/cok.hr\\\/en\\\/#\\\/schema\\\/person\\\/0e4e434753b0372bece32f48c86f47af\",\"name\":\"Admin\",\"image\":{\"@type\":\"ImageObject\",\"inLanguage\":\"en-GB\",\"@id\":\"https:\\\/\\\/secure.gravatar.com\\\/avatar\\\/e4f0ffd49db6e62cc806532a631450a83c1e53af71f7d9ed0494081f8a93938e?s=96&d=mm&r=g\",\"url\":\"https:\\\/\\\/secure.gravatar.com\\\/avatar\\\/e4f0ffd49db6e62cc806532a631450a83c1e53af71f7d9ed0494081f8a93938e?s=96&d=mm&r=g\",\"contentUrl\":\"https:\\\/\\\/secure.gravatar.com\\\/avatar\\\/e4f0ffd49db6e62cc806532a631450a83c1e53af71f7d9ed0494081f8a93938e?s=96&d=mm&r=g\",\"caption\":\"Admin\"},\"url\":\"https:\\\/\\\/cok.hr\\\/en\\\/author\\\/admin\\\/\"}]}<\/script>\n<!-- \/ Yoast SEO plugin. -->","yoast_head_json":{"title":"International Conference: Energy Security in Croatia and Beyond - Center for the Renewal of Culture","robots":{"index":"index","follow":"follow","max-snippet":"max-snippet:-1","max-image-preview":"max-image-preview:large","max-video-preview":"max-video-preview:-1"},"canonical":"https:\/\/cok.hr\/en\/en\/international-conference-energy-security-in-croatia-and-beyond\/","og_locale":"en_GB","og_type":"article","og_title":"International Conference: Energy Security in Croatia and Beyond - Center for the Renewal of Culture","og_url":"https:\/\/cok.hr\/en\/en\/international-conference-energy-security-in-croatia-and-beyond\/","og_site_name":"Center for the Renewal of Culture","article_publisher":"https:\/\/www.facebook.com\/cok.hr\/","article_published_time":"2018-10-23T15:34:23+00:00","article_modified_time":"2018-10-27T10:41:14+00:00","og_image":[{"width":1618,"height":1080,"url":"https:\/\/cok.hr\/en\/wp-content\/uploads\/2018\/10\/DSC_8014-1.jpg","type":"image\/jpeg"}],"author":"Admin","twitter_card":"summary_large_image","twitter_misc":{"Written by":"Admin","Estimated reading time":"1 minute"},"schema":{"@context":"https:\/\/schema.org","@graph":[{"@type":"Article","@id":"https:\/\/cok.hr\/en\/en\/international-conference-energy-security-in-croatia-and-beyond\/#article","isPartOf":{"@id":"https:\/\/cok.hr\/en\/en\/international-conference-energy-security-in-croatia-and-beyond\/"},"author":{"name":"Admin","@id":"https:\/\/cok.hr\/en\/#\/schema\/person\/0e4e434753b0372bece32f48c86f47af"},"headline":"International Conference: Energy Security in Croatia and Beyond","datePublished":"2018-10-23T15:34:23+00:00","dateModified":"2018-10-27T10:41:14+00:00","mainEntityOfPage":{"@id":"https:\/\/cok.hr\/en\/en\/international-conference-energy-security-in-croatia-and-beyond\/"},"wordCount":231,"publisher":{"@id":"https:\/\/cok.hr\/en\/#organization"},"image":{"@id":"https:\/\/cok.hr\/en\/en\/international-conference-energy-security-in-croatia-and-beyond\/#primaryimage"},"thumbnailUrl":"https:\/\/cok.hr\/en\/wp-content\/uploads\/2018\/10\/DSC_8014-1.jpg","articleSection":["Business and Economics","Events"],"inLanguage":"en-GB"},{"@type":"WebPage","@id":"https:\/\/cok.hr\/en\/en\/international-conference-energy-security-in-croatia-and-beyond\/","url":"https:\/\/cok.hr\/en\/en\/international-conference-energy-security-in-croatia-and-beyond\/","name":"International Conference: Energy Security in Croatia and Beyond - Center for the Renewal of Culture","isPartOf":{"@id":"https:\/\/cok.hr\/en\/#website"},"primaryImageOfPage":{"@id":"https:\/\/cok.hr\/en\/en\/international-conference-energy-security-in-croatia-and-beyond\/#primaryimage"},"image":{"@id":"https:\/\/cok.hr\/en\/en\/international-conference-energy-security-in-croatia-and-beyond\/#primaryimage"},"thumbnailUrl":"https:\/\/cok.hr\/en\/wp-content\/uploads\/2018\/10\/DSC_8014-1.jpg","datePublished":"2018-10-23T15:34:23+00:00","dateModified":"2018-10-27T10:41:14+00:00","breadcrumb":{"@id":"https:\/\/cok.hr\/en\/en\/international-conference-energy-security-in-croatia-and-beyond\/#breadcrumb"},"inLanguage":"en-GB","potentialAction":[{"@type":"ReadAction","target":["https:\/\/cok.hr\/en\/en\/international-conference-energy-security-in-croatia-and-beyond\/"]}]},{"@type":"ImageObject","inLanguage":"en-GB","@id":"https:\/\/cok.hr\/en\/en\/international-conference-energy-security-in-croatia-and-beyond\/#primaryimage","url":"https:\/\/cok.hr\/en\/wp-content\/uploads\/2018\/10\/DSC_8014-1.jpg","contentUrl":"https:\/\/cok.hr\/en\/wp-content\/uploads\/2018\/10\/DSC_8014-1.jpg","width":1618,"height":1080},{"@type":"BreadcrumbList","@id":"https:\/\/cok.hr\/en\/en\/international-conference-energy-security-in-croatia-and-beyond\/#breadcrumb","itemListElement":[{"@type":"ListItem","position":1,"name":"Home","item":"https:\/\/cok.hr\/en\/"},{"@type":"ListItem","position":2,"name":"International Conference: Energy Security in Croatia and Beyond"}]},{"@type":"WebSite","@id":"https:\/\/cok.hr\/en\/#website","url":"https:\/\/cok.hr\/en\/","name":"Centar za obnovu kulture | Center for the Renewal of Culture","description":"The centre of our efforts is the renewal of the Croatian culture, in a broader sense.","publisher":{"@id":"https:\/\/cok.hr\/en\/#organization"},"potentialAction":[{"@type":"SearchAction","target":{"@type":"EntryPoint","urlTemplate":"https:\/\/cok.hr\/en\/?s={search_term_string}"},"query-input":{"@type":"PropertyValueSpecification","valueRequired":true,"valueName":"search_term_string"}}],"inLanguage":"en-GB"},{"@type":"Organization","@id":"https:\/\/cok.hr\/en\/#organization","name":"Centar za obnovu kulture","url":"https:\/\/cok.hr\/en\/","logo":{"@type":"ImageObject","inLanguage":"en-GB","@id":"https:\/\/cok.hr\/en\/#\/schema\/logo\/image\/","url":"https:\/\/cok.hr\/en\/wp-content\/uploads\/2018\/09\/logo-street.png","contentUrl":"https:\/\/cok.hr\/en\/wp-content\/uploads\/2018\/09\/logo-street.png","width":1279,"height":533,"caption":"Centar za obnovu kulture"},"image":{"@id":"https:\/\/cok.hr\/en\/#\/schema\/logo\/image\/"},"sameAs":["https:\/\/www.facebook.com\/cok.hr\/"]},{"@type":"Person","@id":"https:\/\/cok.hr\/en\/#\/schema\/person\/0e4e434753b0372bece32f48c86f47af","name":"Admin","image":{"@type":"ImageObject","inLanguage":"en-GB","@id":"https:\/\/secure.gravatar.com\/avatar\/e4f0ffd49db6e62cc806532a631450a83c1e53af71f7d9ed0494081f8a93938e?s=96&d=mm&r=g","url":"https:\/\/secure.gravatar.com\/avatar\/e4f0ffd49db6e62cc806532a631450a83c1e53af71f7d9ed0494081f8a93938e?s=96&d=mm&r=g","contentUrl":"https:\/\/secure.gravatar.com\/avatar\/e4f0ffd49db6e62cc806532a631450a83c1e53af71f7d9ed0494081f8a93938e?s=96&d=mm&r=g","caption":"Admin"},"url":"https:\/\/cok.hr\/en\/author\/admin\/"}]}},"_links":{"self":[{"href":"https:\/\/cok.hr\/en\/wp-json\/wp\/v2\/posts\/2087","targetHints":{"allow":["GET"]}}],"collection":[{"href":"https:\/\/cok.hr\/en\/wp-json\/wp\/v2\/posts"}],"about":[{"href":"https:\/\/cok.hr\/en\/wp-json\/wp\/v2\/types\/post"}],"author":[{"embeddable":true,"href":"https:\/\/cok.hr\/en\/wp-json\/wp\/v2\/users\/3"}],"replies":[{"embeddable":true,"href":"https:\/\/cok.hr\/en\/wp-json\/wp\/v2\/comments?post=2087"}],"version-history":[{"count":4,"href":"https:\/\/cok.hr\/en\/wp-json\/wp\/v2\/posts\/2087\/revisions"}],"predecessor-version":[{"id":2117,"href":"https:\/\/cok.hr\/en\/wp-json\/wp\/v2\/posts\/2087\/revisions\/2117"}],"wp:featuredmedia":[{"embeddable":true,"href":"https:\/\/cok.hr\/en\/wp-json\/wp\/v2\/media\/2046"}],"wp:attachment":[{"href":"https:\/\/cok.hr\/en\/wp-json\/wp\/v2\/media?parent=2087"}],"wp:term":[{"taxonomy":"category","embeddable":true,"href":"https:\/\/cok.hr\/en\/wp-json\/wp\/v2\/categories?post=2087"},{"taxonomy":"post_tag","embeddable":true,"href":"https:\/\/cok.hr\/en\/wp-json\/wp\/v2\/tags?post=2087"}],"curies":[{"name":"wp","href":"https:\/\/api.w.org\/{rel}","templated":true}]}}