{"id":2139,"date":"2018-11-22T11:34:31","date_gmt":"2018-11-22T10:34:31","guid":{"rendered":"https:\/\/cok.hr\/en\/?p=2139"},"modified":"2018-11-27T14:03:34","modified_gmt":"2018-11-27T13:03:34","slug":"visegrad-4plus-conference-in-prague","status":"publish","type":"post","link":"https:\/\/cok.hr\/en\/visegrad-4plus-conference-in-prague\/","title":{"rendered":"COK at Vi\u0161egrad4+ Conference in Prague"},"content":{"rendered":"<p>The COK team, accompanied by other young Croats, are in Prague from Thursday 22 November till Sunday 25 November for the 2018 Annual <strong>Vi\u0161egrad4+ Conference<\/strong>. Croatia is not part of the Vi\u0161egrad 4, that is, the Czech Republic, Hungary, Poland and Slovakia \u2013 see for the group&#8217;s aims and history http:\/\/www.visegradgroup.eu\/. We are part of the \u201c+\u201d, those on the fringe. But we are convinced that Croatia should be more involved and committed than that, and this is one reason COK is going.<\/p>\n<p>The Vi\u0161egrad group of countries represent the culture and interests of Central Europe, and their culture and \u2013 to some extent \u2013 their interests too are very similar to Croatia&#8217;s. Croatia has, of course, security interests in the Balkans which it cannot ignore \u2013 and it has, in the form of the Croats of Bosnia and Herecegovina, interests stemming from ties of blood and identity that it must never be tempted to ignore either. Croatia is also, through the history and special features of its Dalmatian coast and of Istria, part of a distinctively Mediterranean Europe. This variety, which has been problematic in previous centuries, is now rightly perceived as a great potential asset. But, that said, the dominant features of the Croatia&#8217;s identity are undoubtedly Central European.<\/p>\n<p>There is so much to lament in the experience of Croatia under both the first (Kara\u0111or\u0111evi\u0107) and the second (Communist) Yugoslavia that a comprehensive account would fill a succession of libraries. But among the worst effects of Croatia&#8217;s immersion in Yugoslavia and subordination to rule from Belgrade was the wrenching away of the nation from its Central European roots and from the high culture that had grown out of them. The rest of Central Europe began seriously to reconnect with its pre-communist roots in 1989. For Croatia it took longer \u2013 because of the Homeland War, of course, but not just because of that. In any case, the process is far from complete. Poland, Hungary, Slovakia and the Czech Republic have all been more successful: their experience, in every case, has included the lustration of communists. Croats should learn from them.<\/p>\n<p><img fetchpriority=\"high\" decoding=\"async\" class=\"alignnone size-full wp-image-2148\" src=\"https:\/\/cok.hr\/en\/wp-content\/uploads\/2018\/11\/banner.jpg\" alt=\"\" width=\"960\" height=\"540\" srcset=\"https:\/\/cok.hr\/en\/wp-content\/uploads\/2018\/11\/banner.jpg 960w, https:\/\/cok.hr\/en\/wp-content\/uploads\/2018\/11\/banner-270x152.jpg 270w, https:\/\/cok.hr\/en\/wp-content\/uploads\/2018\/11\/banner-768x432.jpg 768w\" sizes=\"(max-width: 960px) 100vw, 960px\" \/><\/p>\n<p>&nbsp;<\/p>\n<p>The Vi\u0161egrad group also has, however, a different significance for Croatia \u2013 a very practical one, based on contemporary European politics, economics and strategic interests. The Central European countries threw off the yoke of communism imposed by Moscow. But the Vi\u0161egrad nations are not prepared, either, to have their policies determined by Western Europe. In the immediate aftermath of entry into the European Union, they were content to take lessons from West European elites \u2013 but no longer. They are self-confident members of the European Club, and they are not going to forget it.<\/p>\n<p>This has applied most sharply to the issue of immigration, where Hungary and Poland, in particular, have made it clear that they will not abandon their fundamental rights as sovereign states to decide who will, and who will not, enter the country. They do not see why Germany&#8217;s ill-considered invitation to the dissatisfied inhabitants of Africa and the Middle East to travel to Berlin means that they have now to be accepted, instead, in Budapest, Prague, Warsaw and Bratislava \u2013 a sentiment now loudly echoed in Rome and Vienna.<\/p>\n<p>But the divide between the Central Europeans on the one hand and Western Europe (and the Commission) on the other extends to the still more significant realm of values. In general, Central and Eastern Europe has remained loyal to an ancient conception of what it is to be European &#8211; that is to be self-conscious inheritors of Christian civilization &#8211; which is now forgotten, or ridiculed, in the West.<\/p>\n<p>Beneath the tensions between Warsaw and Budapest on the one hand and Paris and Brussels on the other \u2013 with Berlin currently in limbo for internal political reasons \u2013 a struggle for the future shape of the European Union is occurring. This struggle is of vital importance for Croatia, too, though you might not think it from reading the media reports here. Croatia&#8217;s foreign policy seems currently to consist of saying of saying \u201cyes\u201d to whatever the European Commission and Chancellor Merkel want, whether it is in accord with the wishes of Croats or the interests of Croatia or not. The evidence that this is an unsatisfactory approach is all around us. It can, for example, be seen in the way in which the interests of Serbia and \u201cWest Balkan integration\u201d are now clearly regarded in Brussels as far more important than the interests of Croatia, or of the Croats in Bosnia and Hercegovina.<\/p>\n<p>So far, Croatia does not face an immigration crisis of the scale that other neighbouring European countries have, primarily because the Croatian economy is so badly managed and that, therefore, living standards remain so low. But that too will change, slowly if current policies continue, speedily if serious economic reforms are implemented. Similarly, at some point in the foreseeable future the net benefit from the supply of European funds will shrink to zero. From that stage onwards, Croatia will have to stand on its own two feet economically in Europe, and it is important that when that happens it finds that it is still in control of its own affairs and master of its own national destiny.<\/p>\n<p>It is also important that Croatia should at that moment be supported by secure and sustainable networks of energy supply, communications and regional infrastructure \u2013 hence the need to act determinedly to press ahead with the planned LNG terminal off the island of Krk, and also with the ambitious but vital Three Seas Initiative, linking the countries of the Baltic, the Black Sea and the Adriatic. All these issues are now being faced by the Vi\u0161egrad group of Central European countries, and Croatia should be close to them, collaborate with them, and learn from their approach.<\/p>\n<p>These strategic reasons are part of why COK is going to Prague. But there is another equally important reason \u2013 and that is because the organisers, speakers and attendees of the Vi\u0161egrad4+ Conference are all conservatives. We believe that the pursuit of the conservative philosophy of limited government, a clear rule of law, free enterprise, strong traditional institutions and national sovereignty is the proven way to enjoy prosperity and security. And we have no doubt that this is true, whether it refers to Poland, Hungary, Slovakia, the Czech Republic \u2013 or, indeed, Croatia. On that theme, more will follow as the Vi\u0161egrad4+ Conference proceeds.<\/p>\n<p><img decoding=\"async\" class=\"size-large wp-image-2152 aligncenter\" src=\"https:\/\/cok.hr\/en\/wp-content\/uploads\/2018\/11\/Program1-724x1024.jpg\" alt=\"\" width=\"724\" height=\"1024\" srcset=\"https:\/\/cok.hr\/en\/wp-content\/uploads\/2018\/11\/Program1-724x1024.jpg 724w, https:\/\/cok.hr\/en\/wp-content\/uploads\/2018\/11\/Program1-191x270.jpg 191w, https:\/\/cok.hr\/en\/wp-content\/uploads\/2018\/11\/Program1-768x1086.jpg 768w, https:\/\/cok.hr\/en\/wp-content\/uploads\/2018\/11\/Program1.jpg 794w\" sizes=\"(max-width: 724px) 100vw, 724px\" \/><\/p>\n<p><img decoding=\"async\" class=\"size-full wp-image-2154 aligncenter\" src=\"https:\/\/cok.hr\/en\/wp-content\/uploads\/2018\/11\/Program2.jpg\" alt=\"\" width=\"678\" height=\"960\" srcset=\"https:\/\/cok.hr\/en\/wp-content\/uploads\/2018\/11\/Program2.jpg 678w, https:\/\/cok.hr\/en\/wp-content\/uploads\/2018\/11\/Program2-191x270.jpg 191w\" sizes=\"(max-width: 678px) 100vw, 678px\" \/><\/p>\n","protected":false},"excerpt":{"rendered":"<p>The COK team, accompanied by other young Croats, are in Prague from Thursday 22 November till Sunday 25 November for the 2018 Annual Vi\u0161egrad4+ Conference. Croatia is not part of the Vi\u0161egrad 4, that is, the Czech Republic, Hungary, Poland and Slovakia \u2013 see for the group&#8217;s aims and history [&hellip;]<\/p>\n","protected":false},"author":7,"featured_media":2136,"comment_status":"closed","ping_status":"closed","sticky":false,"template":"","format":"standard","meta":{"footnotes":""},"categories":[237,235,245,246],"tags":[],"class_list":["post-2139","post","type-post","status-publish","format-standard","has-post-thumbnail","hentry","category-european-union","category-events","category-robin-harris-en","category-world-affairs"],"yoast_head":"<!-- This site is optimized with the Yoast SEO plugin v27.3 - https:\/\/yoast.com\/product\/yoast-seo-wordpress\/ -->\n<title>COK at Vi\u0161egrad4+ Conference in Prague - Center for the Renewal of Culture<\/title>\n<meta name=\"robots\" content=\"index, follow, max-snippet:-1, max-image-preview:large, max-video-preview:-1\" \/>\n<link rel=\"canonical\" href=\"https:\/\/cok.hr\/en\/en\/visegrad-4plus-conference-in-prague\/\" \/>\n<meta property=\"og:locale\" content=\"en_GB\" \/>\n<meta property=\"og:type\" content=\"article\" \/>\n<meta property=\"og:title\" content=\"COK at Vi\u0161egrad4+ Conference in Prague - Center for the Renewal of Culture\" \/>\n<meta property=\"og:description\" content=\"The COK team, accompanied by other young Croats, are in Prague from Thursday 22 November till Sunday 25 November for the 2018 Annual Vi\u0161egrad4+ Conference. Croatia is not part of the Vi\u0161egrad 4, that is, the Czech Republic, Hungary, Poland and Slovakia \u2013 see for the group&#8217;s aims and history [&hellip;]\" \/>\n<meta property=\"og:url\" content=\"https:\/\/cok.hr\/en\/en\/visegrad-4plus-conference-in-prague\/\" \/>\n<meta property=\"og:site_name\" content=\"Center for the Renewal of Culture\" \/>\n<meta property=\"article:publisher\" content=\"https:\/\/www.facebook.com\/cok.hr\/\" \/>\n<meta property=\"article:published_time\" content=\"2018-11-22T10:34:31+00:00\" \/>\n<meta property=\"article:modified_time\" content=\"2018-11-27T13:03:34+00:00\" \/>\n<meta property=\"og:image\" content=\"https:\/\/cok.hr\/en\/wp-content\/uploads\/2018\/11\/Prague-web.jpg\" \/>\n\t<meta property=\"og:image:width\" content=\"1920\" \/>\n\t<meta property=\"og:image:height\" content=\"1142\" \/>\n\t<meta property=\"og:image:type\" content=\"image\/jpeg\" \/>\n<meta name=\"author\" content=\"Robin Harris\" \/>\n<meta name=\"twitter:card\" content=\"summary_large_image\" \/>\n<meta name=\"twitter:label1\" content=\"Written by\" \/>\n\t<meta name=\"twitter:data1\" content=\"Robin Harris\" \/>\n\t<meta name=\"twitter:label2\" content=\"Estimated reading time\" \/>\n\t<meta name=\"twitter:data2\" content=\"5 minutes\" \/>\n<script type=\"application\/ld+json\" class=\"yoast-schema-graph\">{\"@context\":\"https:\\\/\\\/schema.org\",\"@graph\":[{\"@type\":\"Article\",\"@id\":\"https:\\\/\\\/cok.hr\\\/en\\\/en\\\/visegrad-4plus-conference-in-prague\\\/#article\",\"isPartOf\":{\"@id\":\"https:\\\/\\\/cok.hr\\\/en\\\/en\\\/visegrad-4plus-conference-in-prague\\\/\"},\"author\":{\"name\":\"Robin Harris\",\"@id\":\"https:\\\/\\\/cok.hr\\\/en\\\/#\\\/schema\\\/person\\\/ea558e9abcb235e58e8c7eae38ee251f\"},\"headline\":\"COK at Vi\u0161egrad4+ Conference in Prague\",\"datePublished\":\"2018-11-22T10:34:31+00:00\",\"dateModified\":\"2018-11-27T13:03:34+00:00\",\"mainEntityOfPage\":{\"@id\":\"https:\\\/\\\/cok.hr\\\/en\\\/en\\\/visegrad-4plus-conference-in-prague\\\/\"},\"wordCount\":1083,\"publisher\":{\"@id\":\"https:\\\/\\\/cok.hr\\\/en\\\/#organization\"},\"image\":{\"@id\":\"https:\\\/\\\/cok.hr\\\/en\\\/en\\\/visegrad-4plus-conference-in-prague\\\/#primaryimage\"},\"thumbnailUrl\":\"https:\\\/\\\/cok.hr\\\/en\\\/wp-content\\\/uploads\\\/2018\\\/11\\\/Prague-web.jpg\",\"articleSection\":[\"European Union\",\"Events\",\"Robin Harris\",\"World Affairs\"],\"inLanguage\":\"en-GB\"},{\"@type\":\"WebPage\",\"@id\":\"https:\\\/\\\/cok.hr\\\/en\\\/en\\\/visegrad-4plus-conference-in-prague\\\/\",\"url\":\"https:\\\/\\\/cok.hr\\\/en\\\/en\\\/visegrad-4plus-conference-in-prague\\\/\",\"name\":\"COK at Vi\u0161egrad4+ Conference in Prague - Center for the Renewal of Culture\",\"isPartOf\":{\"@id\":\"https:\\\/\\\/cok.hr\\\/en\\\/#website\"},\"primaryImageOfPage\":{\"@id\":\"https:\\\/\\\/cok.hr\\\/en\\\/en\\\/visegrad-4plus-conference-in-prague\\\/#primaryimage\"},\"image\":{\"@id\":\"https:\\\/\\\/cok.hr\\\/en\\\/en\\\/visegrad-4plus-conference-in-prague\\\/#primaryimage\"},\"thumbnailUrl\":\"https:\\\/\\\/cok.hr\\\/en\\\/wp-content\\\/uploads\\\/2018\\\/11\\\/Prague-web.jpg\",\"datePublished\":\"2018-11-22T10:34:31+00:00\",\"dateModified\":\"2018-11-27T13:03:34+00:00\",\"breadcrumb\":{\"@id\":\"https:\\\/\\\/cok.hr\\\/en\\\/en\\\/visegrad-4plus-conference-in-prague\\\/#breadcrumb\"},\"inLanguage\":\"en-GB\",\"potentialAction\":[{\"@type\":\"ReadAction\",\"target\":[\"https:\\\/\\\/cok.hr\\\/en\\\/en\\\/visegrad-4plus-conference-in-prague\\\/\"]}]},{\"@type\":\"ImageObject\",\"inLanguage\":\"en-GB\",\"@id\":\"https:\\\/\\\/cok.hr\\\/en\\\/en\\\/visegrad-4plus-conference-in-prague\\\/#primaryimage\",\"url\":\"https:\\\/\\\/cok.hr\\\/en\\\/wp-content\\\/uploads\\\/2018\\\/11\\\/Prague-web.jpg\",\"contentUrl\":\"https:\\\/\\\/cok.hr\\\/en\\\/wp-content\\\/uploads\\\/2018\\\/11\\\/Prague-web.jpg\",\"width\":1920,\"height\":1142},{\"@type\":\"BreadcrumbList\",\"@id\":\"https:\\\/\\\/cok.hr\\\/en\\\/en\\\/visegrad-4plus-conference-in-prague\\\/#breadcrumb\",\"itemListElement\":[{\"@type\":\"ListItem\",\"position\":1,\"name\":\"Home\",\"item\":\"https:\\\/\\\/cok.hr\\\/en\\\/\"},{\"@type\":\"ListItem\",\"position\":2,\"name\":\"COK at Vi\u0161egrad4+ Conference in Prague\"}]},{\"@type\":\"WebSite\",\"@id\":\"https:\\\/\\\/cok.hr\\\/en\\\/#website\",\"url\":\"https:\\\/\\\/cok.hr\\\/en\\\/\",\"name\":\"Centar za obnovu kulture | Center for the Renewal of Culture\",\"description\":\"The centre of our efforts is the renewal of the Croatian culture, in a broader sense.\",\"publisher\":{\"@id\":\"https:\\\/\\\/cok.hr\\\/en\\\/#organization\"},\"potentialAction\":[{\"@type\":\"SearchAction\",\"target\":{\"@type\":\"EntryPoint\",\"urlTemplate\":\"https:\\\/\\\/cok.hr\\\/en\\\/?s={search_term_string}\"},\"query-input\":{\"@type\":\"PropertyValueSpecification\",\"valueRequired\":true,\"valueName\":\"search_term_string\"}}],\"inLanguage\":\"en-GB\"},{\"@type\":\"Organization\",\"@id\":\"https:\\\/\\\/cok.hr\\\/en\\\/#organization\",\"name\":\"Centar za obnovu kulture\",\"url\":\"https:\\\/\\\/cok.hr\\\/en\\\/\",\"logo\":{\"@type\":\"ImageObject\",\"inLanguage\":\"en-GB\",\"@id\":\"https:\\\/\\\/cok.hr\\\/en\\\/#\\\/schema\\\/logo\\\/image\\\/\",\"url\":\"https:\\\/\\\/cok.hr\\\/en\\\/wp-content\\\/uploads\\\/2018\\\/09\\\/logo-street.png\",\"contentUrl\":\"https:\\\/\\\/cok.hr\\\/en\\\/wp-content\\\/uploads\\\/2018\\\/09\\\/logo-street.png\",\"width\":1279,\"height\":533,\"caption\":\"Centar za obnovu kulture\"},\"image\":{\"@id\":\"https:\\\/\\\/cok.hr\\\/en\\\/#\\\/schema\\\/logo\\\/image\\\/\"},\"sameAs\":[\"https:\\\/\\\/www.facebook.com\\\/cok.hr\\\/\"]},{\"@type\":\"Person\",\"@id\":\"https:\\\/\\\/cok.hr\\\/en\\\/#\\\/schema\\\/person\\\/ea558e9abcb235e58e8c7eae38ee251f\",\"name\":\"Robin Harris\",\"image\":{\"@type\":\"ImageObject\",\"inLanguage\":\"en-GB\",\"@id\":\"https:\\\/\\\/secure.gravatar.com\\\/avatar\\\/f06dc7df50883487ce5eeead4b9627302cde3d622826c60d67e1e0716949e37c?s=96&d=mm&r=g\",\"url\":\"https:\\\/\\\/secure.gravatar.com\\\/avatar\\\/f06dc7df50883487ce5eeead4b9627302cde3d622826c60d67e1e0716949e37c?s=96&d=mm&r=g\",\"contentUrl\":\"https:\\\/\\\/secure.gravatar.com\\\/avatar\\\/f06dc7df50883487ce5eeead4b9627302cde3d622826c60d67e1e0716949e37c?s=96&d=mm&r=g\",\"caption\":\"Robin Harris\"},\"description\":\"Historian, journalist, former adviser to British Prime Minister Margaret Thatcher - Dr Robin Harris is the President of COK and author of Dubrovnik \u2013 A History, Talleyrand - Betrayer and Saviour of France, The Conservatives \u2013 A History, Not for Turning \u2013 The Complete Life of Margaret Thatcher, Stepinac \u2013 His Life and Times and Croatia: a History \u2013 From Revolution to Independence.He received the Order of the Croatian Morning Star in 2008, and the Andrija Buvina Prize for outstanding services to Christian Culture in 2017.\",\"url\":\"https:\\\/\\\/cok.hr\\\/en\\\/author\\\/robinharris\\\/\"}]}<\/script>\n<!-- \/ Yoast SEO plugin. -->","yoast_head_json":{"title":"COK at Vi\u0161egrad4+ Conference in Prague - Center for the Renewal of Culture","robots":{"index":"index","follow":"follow","max-snippet":"max-snippet:-1","max-image-preview":"max-image-preview:large","max-video-preview":"max-video-preview:-1"},"canonical":"https:\/\/cok.hr\/en\/en\/visegrad-4plus-conference-in-prague\/","og_locale":"en_GB","og_type":"article","og_title":"COK at Vi\u0161egrad4+ Conference in Prague - Center for the Renewal of Culture","og_description":"The COK team, accompanied by other young Croats, are in Prague from Thursday 22 November till Sunday 25 November for the 2018 Annual Vi\u0161egrad4+ Conference. Croatia is not part of the Vi\u0161egrad 4, that is, the Czech Republic, Hungary, Poland and Slovakia \u2013 see for the group&#8217;s aims and history [&hellip;]","og_url":"https:\/\/cok.hr\/en\/en\/visegrad-4plus-conference-in-prague\/","og_site_name":"Center for the Renewal of Culture","article_publisher":"https:\/\/www.facebook.com\/cok.hr\/","article_published_time":"2018-11-22T10:34:31+00:00","article_modified_time":"2018-11-27T13:03:34+00:00","og_image":[{"width":1920,"height":1142,"url":"https:\/\/cok.hr\/en\/wp-content\/uploads\/2018\/11\/Prague-web.jpg","type":"image\/jpeg"}],"author":"Robin Harris","twitter_card":"summary_large_image","twitter_misc":{"Written by":"Robin Harris","Estimated reading time":"5 minutes"},"schema":{"@context":"https:\/\/schema.org","@graph":[{"@type":"Article","@id":"https:\/\/cok.hr\/en\/en\/visegrad-4plus-conference-in-prague\/#article","isPartOf":{"@id":"https:\/\/cok.hr\/en\/en\/visegrad-4plus-conference-in-prague\/"},"author":{"name":"Robin Harris","@id":"https:\/\/cok.hr\/en\/#\/schema\/person\/ea558e9abcb235e58e8c7eae38ee251f"},"headline":"COK at Vi\u0161egrad4+ Conference in Prague","datePublished":"2018-11-22T10:34:31+00:00","dateModified":"2018-11-27T13:03:34+00:00","mainEntityOfPage":{"@id":"https:\/\/cok.hr\/en\/en\/visegrad-4plus-conference-in-prague\/"},"wordCount":1083,"publisher":{"@id":"https:\/\/cok.hr\/en\/#organization"},"image":{"@id":"https:\/\/cok.hr\/en\/en\/visegrad-4plus-conference-in-prague\/#primaryimage"},"thumbnailUrl":"https:\/\/cok.hr\/en\/wp-content\/uploads\/2018\/11\/Prague-web.jpg","articleSection":["European Union","Events","Robin Harris","World Affairs"],"inLanguage":"en-GB"},{"@type":"WebPage","@id":"https:\/\/cok.hr\/en\/en\/visegrad-4plus-conference-in-prague\/","url":"https:\/\/cok.hr\/en\/en\/visegrad-4plus-conference-in-prague\/","name":"COK at Vi\u0161egrad4+ Conference in Prague - Center for the Renewal of Culture","isPartOf":{"@id":"https:\/\/cok.hr\/en\/#website"},"primaryImageOfPage":{"@id":"https:\/\/cok.hr\/en\/en\/visegrad-4plus-conference-in-prague\/#primaryimage"},"image":{"@id":"https:\/\/cok.hr\/en\/en\/visegrad-4plus-conference-in-prague\/#primaryimage"},"thumbnailUrl":"https:\/\/cok.hr\/en\/wp-content\/uploads\/2018\/11\/Prague-web.jpg","datePublished":"2018-11-22T10:34:31+00:00","dateModified":"2018-11-27T13:03:34+00:00","breadcrumb":{"@id":"https:\/\/cok.hr\/en\/en\/visegrad-4plus-conference-in-prague\/#breadcrumb"},"inLanguage":"en-GB","potentialAction":[{"@type":"ReadAction","target":["https:\/\/cok.hr\/en\/en\/visegrad-4plus-conference-in-prague\/"]}]},{"@type":"ImageObject","inLanguage":"en-GB","@id":"https:\/\/cok.hr\/en\/en\/visegrad-4plus-conference-in-prague\/#primaryimage","url":"https:\/\/cok.hr\/en\/wp-content\/uploads\/2018\/11\/Prague-web.jpg","contentUrl":"https:\/\/cok.hr\/en\/wp-content\/uploads\/2018\/11\/Prague-web.jpg","width":1920,"height":1142},{"@type":"BreadcrumbList","@id":"https:\/\/cok.hr\/en\/en\/visegrad-4plus-conference-in-prague\/#breadcrumb","itemListElement":[{"@type":"ListItem","position":1,"name":"Home","item":"https:\/\/cok.hr\/en\/"},{"@type":"ListItem","position":2,"name":"COK at Vi\u0161egrad4+ Conference in Prague"}]},{"@type":"WebSite","@id":"https:\/\/cok.hr\/en\/#website","url":"https:\/\/cok.hr\/en\/","name":"Centar za obnovu kulture | Center for the Renewal of Culture","description":"The centre of our efforts is the renewal of the Croatian culture, in a broader sense.","publisher":{"@id":"https:\/\/cok.hr\/en\/#organization"},"potentialAction":[{"@type":"SearchAction","target":{"@type":"EntryPoint","urlTemplate":"https:\/\/cok.hr\/en\/?s={search_term_string}"},"query-input":{"@type":"PropertyValueSpecification","valueRequired":true,"valueName":"search_term_string"}}],"inLanguage":"en-GB"},{"@type":"Organization","@id":"https:\/\/cok.hr\/en\/#organization","name":"Centar za obnovu kulture","url":"https:\/\/cok.hr\/en\/","logo":{"@type":"ImageObject","inLanguage":"en-GB","@id":"https:\/\/cok.hr\/en\/#\/schema\/logo\/image\/","url":"https:\/\/cok.hr\/en\/wp-content\/uploads\/2018\/09\/logo-street.png","contentUrl":"https:\/\/cok.hr\/en\/wp-content\/uploads\/2018\/09\/logo-street.png","width":1279,"height":533,"caption":"Centar za obnovu kulture"},"image":{"@id":"https:\/\/cok.hr\/en\/#\/schema\/logo\/image\/"},"sameAs":["https:\/\/www.facebook.com\/cok.hr\/"]},{"@type":"Person","@id":"https:\/\/cok.hr\/en\/#\/schema\/person\/ea558e9abcb235e58e8c7eae38ee251f","name":"Robin Harris","image":{"@type":"ImageObject","inLanguage":"en-GB","@id":"https:\/\/secure.gravatar.com\/avatar\/f06dc7df50883487ce5eeead4b9627302cde3d622826c60d67e1e0716949e37c?s=96&d=mm&r=g","url":"https:\/\/secure.gravatar.com\/avatar\/f06dc7df50883487ce5eeead4b9627302cde3d622826c60d67e1e0716949e37c?s=96&d=mm&r=g","contentUrl":"https:\/\/secure.gravatar.com\/avatar\/f06dc7df50883487ce5eeead4b9627302cde3d622826c60d67e1e0716949e37c?s=96&d=mm&r=g","caption":"Robin Harris"},"description":"Historian, journalist, former adviser to British Prime Minister Margaret Thatcher - Dr Robin Harris is the President of COK and author of Dubrovnik \u2013 A History, Talleyrand - Betrayer and Saviour of France, The Conservatives \u2013 A History, Not for Turning \u2013 The Complete Life of Margaret Thatcher, Stepinac \u2013 His Life and Times and Croatia: a History \u2013 From Revolution to Independence.He received the Order of the Croatian Morning Star in 2008, and the Andrija Buvina Prize for outstanding services to Christian Culture in 2017.","url":"https:\/\/cok.hr\/en\/author\/robinharris\/"}]}},"_links":{"self":[{"href":"https:\/\/cok.hr\/en\/wp-json\/wp\/v2\/posts\/2139","targetHints":{"allow":["GET"]}}],"collection":[{"href":"https:\/\/cok.hr\/en\/wp-json\/wp\/v2\/posts"}],"about":[{"href":"https:\/\/cok.hr\/en\/wp-json\/wp\/v2\/types\/post"}],"author":[{"embeddable":true,"href":"https:\/\/cok.hr\/en\/wp-json\/wp\/v2\/users\/7"}],"replies":[{"embeddable":true,"href":"https:\/\/cok.hr\/en\/wp-json\/wp\/v2\/comments?post=2139"}],"version-history":[{"count":13,"href":"https:\/\/cok.hr\/en\/wp-json\/wp\/v2\/posts\/2139\/revisions"}],"predecessor-version":[{"id":2156,"href":"https:\/\/cok.hr\/en\/wp-json\/wp\/v2\/posts\/2139\/revisions\/2156"}],"wp:featuredmedia":[{"embeddable":true,"href":"https:\/\/cok.hr\/en\/wp-json\/wp\/v2\/media\/2136"}],"wp:attachment":[{"href":"https:\/\/cok.hr\/en\/wp-json\/wp\/v2\/media?parent=2139"}],"wp:term":[{"taxonomy":"category","embeddable":true,"href":"https:\/\/cok.hr\/en\/wp-json\/wp\/v2\/categories?post=2139"},{"taxonomy":"post_tag","embeddable":true,"href":"https:\/\/cok.hr\/en\/wp-json\/wp\/v2\/tags?post=2139"}],"curies":[{"name":"wp","href":"https:\/\/api.w.org\/{rel}","templated":true}]}}