{"id":3543,"date":"2025-10-31T16:45:27","date_gmt":"2025-10-31T15:45:27","guid":{"rendered":"https:\/\/cok.hr\/en\/?p=3543"},"modified":"2025-11-03T05:43:58","modified_gmt":"2025-11-03T04:43:58","slug":"conference-margaret-thatcher-1925-2025-held-in-zagreb","status":"publish","type":"post","link":"https:\/\/cok.hr\/en\/conference-margaret-thatcher-1925-2025-held-in-zagreb\/","title":{"rendered":"Conference &#8216;Margaret Thatcher 1925-2025&#8217; marking the centenary of her birth held in Zagreb"},"content":{"rendered":"<p>This month marks the centenary of the birth of the great British stateswoman and friend of the Croatian people, the late Margaret Thatcher. The Centre for Renewal of Culture (Centar za obnovu kulture \u2013 COK) commemorated the centenary on Monday, 25 October, with a special conference held at the Hotel Dubrovnik in Zagreb, under the title \u2018Margaret Thatcher 1925\u20132025.\u2019 The event convened a number of her former associates and key witnesses to her involvement in the events in this part of Europe during the 1990s.<\/p>\n<h3>Conference &#8216;Margaret Thatcher 1925\u20132025&#8217;: Support for Independence<\/h3>\n<p>The welcoming address was delivered by Dr. Robin Harris, President of the <a href=\"https:\/\/cok.hr\/en\/\">Centre for Renewal of Culture<\/a> and a close associate of Mrs. Thatcher. His introduction included photographs and short video clips of Mrs Thatcher during her visit to Croatia and showing her support for the independence of both Croatia and Bosnia and Herzegovina. At the time, she was under significant pressure from the then-incumbent government to remain silent on the matter, a restraint which she nevertheless refused to heed.<\/p>\n<figure id=\"attachment_3547\" aria-describedby=\"caption-attachment-3547\" style=\"width: 900px\" class=\"wp-caption aligncenter\"><img fetchpriority=\"high\" decoding=\"async\" class=\"img-responsive wp-image-3547\" src=\"https:\/\/cok.hr\/en\/wp-content\/uploads\/2025\/10\/Margaret-Thatcher-1925-2025_3-270x180.jpg\" alt=\"Davor Ivo Stier and Miro Kova\u010d\" width=\"900\" height=\"600\" srcset=\"https:\/\/cok.hr\/en\/wp-content\/uploads\/2025\/10\/Margaret-Thatcher-1925-2025_3-270x180.jpg 270w, https:\/\/cok.hr\/en\/wp-content\/uploads\/2025\/10\/Margaret-Thatcher-1925-2025_3-1024x683.jpg 1024w, https:\/\/cok.hr\/en\/wp-content\/uploads\/2025\/10\/Margaret-Thatcher-1925-2025_3-768x512.jpg 768w, https:\/\/cok.hr\/en\/wp-content\/uploads\/2025\/10\/Margaret-Thatcher-1925-2025_3-1536x1024.jpg 1536w, https:\/\/cok.hr\/en\/wp-content\/uploads\/2025\/10\/Margaret-Thatcher-1925-2025_3-1000x667.jpg 1000w, https:\/\/cok.hr\/en\/wp-content\/uploads\/2025\/10\/Margaret-Thatcher-1925-2025_3-230x153.jpg 230w, https:\/\/cok.hr\/en\/wp-content\/uploads\/2025\/10\/Margaret-Thatcher-1925-2025_3-350x233.jpg 350w, https:\/\/cok.hr\/en\/wp-content\/uploads\/2025\/10\/Margaret-Thatcher-1925-2025_3-480x320.jpg 480w, https:\/\/cok.hr\/en\/wp-content\/uploads\/2025\/10\/Margaret-Thatcher-1925-2025_3.jpg 1920w\" sizes=\"(max-width: 900px) 100vw, 900px\" \/><figcaption id=\"caption-attachment-3547\" class=\"wp-caption-text\">Two former Croatian Ministers of Foreign Affairs, Davor Ivo Stier and Miro Kova\u010d<\/figcaption><\/figure>\n<p>Attendees included three former Croatian Ministers of Foreign Affairs\u2014Mate Grani\u0107, Miro Kova\u010d, and Davor Ivo Stier\u2014as well as the Representative of the current Minister of Foreign Affairs, Lara Romano, Members of the European Parliament Tomislav Sokol and Karlo Ressler, the Ambassador of Kosovo, and delegates from the Slovenian Embassy. Cardinal Josip Bozani\u0107, while unable to attend due to being outside Croatia, sent a signed letter extending his greetings and wishes for the conference&#8217;s success.<\/p>\n<p>The opening addresses were followed by four key presentations from Mrs. Thatcher&#8217;s associates, who described her significance both then and now. After a short break, a second section featured four speeches detailing her engagement in providing assistance to the newly formed states following the dissolution of the former Yugoslavia: Croatia, Slovenia, and Bosnia and Herzegovina. The proceedings concluded with a final panel discussion.<\/p>\n<h3>A Special Relationship with Ronald Reagan<\/h3>\n<p>The first presentation was given by John O&#8217;Sullivan, an associate of Mrs. Thatcher, one of her speechwriters, and President of the Danube Institute. He provided an analysis of the special relationship between the United Kingdom and the United States, with a specific focus on her bond with President Ronald Reagan. Mr. O&#8217;Sullivan highlighted common misconceptions surrounding this relationship, often incorrectly compared to that of Tony Blair with the US. He asserted that Mrs. Thatcher left the special relationship in a better state than she found it, whereas Mr. Blair left it in a much worse one.<\/p>\n<figure id=\"attachment_3549\" aria-describedby=\"caption-attachment-3549\" style=\"width: 240px\" class=\"wp-caption alignright\"><img decoding=\"async\" class=\"img-responsive  wp-image-3549\" src=\"https:\/\/cok.hr\/en\/wp-content\/uploads\/2025\/10\/Margaret-Thatcher-1925-2025_2-180x270.jpg\" alt=\"Robin Harris\" width=\"240\" height=\"360\" srcset=\"https:\/\/cok.hr\/en\/wp-content\/uploads\/2025\/10\/Margaret-Thatcher-1925-2025_2-180x270.jpg 180w, https:\/\/cok.hr\/en\/wp-content\/uploads\/2025\/10\/Margaret-Thatcher-1925-2025_2-230x345.jpg 230w, https:\/\/cok.hr\/en\/wp-content\/uploads\/2025\/10\/Margaret-Thatcher-1925-2025_2-350x525.jpg 350w, https:\/\/cok.hr\/en\/wp-content\/uploads\/2025\/10\/Margaret-Thatcher-1925-2025_2-480x720.jpg 480w, https:\/\/cok.hr\/en\/wp-content\/uploads\/2025\/10\/Margaret-Thatcher-1925-2025_2.jpg 600w\" sizes=\"(max-width: 240px) 100vw, 240px\" \/><figcaption id=\"caption-attachment-3549\" class=\"wp-caption-text\">Second address by Dr Robin Harris<\/figcaption><\/figure>\n<p>The second address was delivered by Robin Harris. He began by referencing a public <a href=\"https:\/\/www.itv.com\/news\/update\/2013-04-10\/yougov-sun-poll-thatcher-more-popular-than-churchill\/\" target=\"_blank\" rel=\"noopener\">opinion poll conducted around the time of her death by The Sun<\/a>, in which a relative majority (28 per cent) of respondents chose her as the best post-war British Prime Minister, ahead of Churchill (24 per cent) and Blair (10 per cent), despite her having been out of the public eye for a decade. He then addressed the three main criticisms levelled by her opponents: that she caused inequality, poverty, and division.<\/p>\n<p>Dr. Harris refuted these claims by arguing that her aim was not to reduce inequality, but to increase freedom. Criticisms that the poor became poorer were based on an arguably absurd relative definition of poverty (60 per cent of median income), implying that the poor could have actually become richer in absolute terms. Regarding division, he noted that great democratic leaders are \u2018those who divide\u2019 because they champion clear, substantial goals. As he put it, if everyone believed the same thing, there would be no democracy.<\/p>\n<h3>Success Based on Ability, Not Quotas<\/h3>\n<p>Keith Miles, who served as the Representative of the Republic of Slovenia in the United Kingdom until its official recognition in 1992, delivered the third presentation on the achievements of the Thatcher era. He described how he first met Mrs. Thatcher through the Institute of Economic Affairs, founded by Hayek. She found a natural ally there for her belief in halting the so-called ratchet effect: the economic drift to the left. He noted her commitment to promoting ideas such as personal responsibility, personal initiative, and private capital, which led to her involvement in establishing the Conservative Party&#8217;s think-tank, the Centre for Policy Studies.<\/p>\n<p>Mr. Miles underscored her brilliant intellect and exceptional work ethic. She was described as determined, intolerant of nonsense, and possessing a strong political instinct. Globally, she demonstrated courage by supporting the right to self-determination for nations like Slovenia, in sharp contrast to the pro-Serbian stance of the British Establishment. Her success, he concluded, was the result of her abilities, not of gender quotas.<\/p>\n<p>The final address in this section was presented by Marek Matraszek, a political consultant and former representative of the Margaret Thatcher Foundation for Central Europe. He sought to describe the global and historical significance of Margaret Thatcher, with an emphasis on her role in the fall of Communism and the perception of her principles in Central European countries, particularly Poland. He highlighted her pragmatism in collaborating with the Solidarity trade union, which fought for democracy and freedom. However, he concluded with regret that the influence of the Thatcher legacy is currently waning in Central Europe, where the \u2018soggy centre\u2019 of social-democratic policies dominates the economy.<\/p>\n<h3>Clear Support for Croatian Independence and Territorial Integrity<\/h3>\n<p>Following a brief refreshment break, the participants engaged in an analysis of Mrs. Thatcher&#8217;s influence during the processes of independence for Croatia, Slovenia, and Bosnia and Herzegovina.<br \/>\nMate Grani\u0107, former Foreign Minister and advisor to the Prime Minister, described Mrs. Thatcher\u2019s assistance to Croatia. This began with her clear support for Croatian independence and territorial integrity during the Homeland War. In her public appearances, including a speech to UN ambassadors in 1991, and in her books, she consistently stressed that the JNA and Serbia were responsible for the aggression against Croatia. She insisted that this was not a conflict between &#8220;two national groups,&#8221; but a struggle between communism and democracy. Mr. Grani\u0107 concluded that Mrs. Thatcher undoubtedly belongs to the circle of great European statesmen whose work was primarily guided by moral values.<\/p>\n<p><img decoding=\"async\" class=\"img-responsive alignnone wp-image-3550\" src=\"https:\/\/cok.hr\/en\/wp-content\/uploads\/2025\/10\/Margaret-Thatcher-1925-2025_1-270x180.jpg\" alt=\"Margaret Thatcher 1925-2025\" width=\"900\" height=\"600\" srcset=\"https:\/\/cok.hr\/en\/wp-content\/uploads\/2025\/10\/Margaret-Thatcher-1925-2025_1-270x180.jpg 270w, https:\/\/cok.hr\/en\/wp-content\/uploads\/2025\/10\/Margaret-Thatcher-1925-2025_1-1024x683.jpg 1024w, https:\/\/cok.hr\/en\/wp-content\/uploads\/2025\/10\/Margaret-Thatcher-1925-2025_1-768x512.jpg 768w, https:\/\/cok.hr\/en\/wp-content\/uploads\/2025\/10\/Margaret-Thatcher-1925-2025_1-1536x1024.jpg 1536w, https:\/\/cok.hr\/en\/wp-content\/uploads\/2025\/10\/Margaret-Thatcher-1925-2025_1-1000x667.jpg 1000w, https:\/\/cok.hr\/en\/wp-content\/uploads\/2025\/10\/Margaret-Thatcher-1925-2025_1-230x153.jpg 230w, https:\/\/cok.hr\/en\/wp-content\/uploads\/2025\/10\/Margaret-Thatcher-1925-2025_1-350x233.jpg 350w, https:\/\/cok.hr\/en\/wp-content\/uploads\/2025\/10\/Margaret-Thatcher-1925-2025_1-480x320.jpg 480w, https:\/\/cok.hr\/en\/wp-content\/uploads\/2025\/10\/Margaret-Thatcher-1925-2025_1.jpg 1920w\" sizes=\"(max-width: 900px) 100vw, 900px\" \/><\/p>\n<p>Alojz Peterle, Prime Minister of Slovenia from 1990 to 1992, shared a vivid personal memory of Mrs. Thatcher&#8217;s immediate and decisive support. Just hours after Slovenia\u2019s declaration of independence on 26 June 1991 and the start of the JNA attack, she was the first Western politician to call him. She told him: &#8220;Mr. Prime Minister, tell me what is going on in your country. We must defend the young Slovenian democracy. I will immediately call George Bush [Sr.] and John Major.\u201d Although no longer in office, Mr. Peterle believes she remained influential for a long time, often more so than her successor, John Major.<\/p>\n<h3>&#8220;Haven\u2019t We Taught Him a Lesson?&#8221;<\/h3>\n<p>The speech of Dr. Drago \u0160tambuk, former Diplomatic Representative of Croatia to the United Kingdom, was read due to his inability to attend. He noted that in the 1980s, he recognised the SANU Memorandum as a blueprint for the creation of Greater Serbia and began seeking Croatian allies in London. He eventually found one in Mrs. Thatcher, although she had left office by that time. Her strongest show of support occurred on 20 September 1991, while Belgrade was sending tanks to Vukovar. He spent the day in her office, observing her passionately lobbying for Croatian interests, telephoning world leaders and explaining the &#8220;terrible Greater-Serbian and communist aggression.&#8221;<\/p>\n<p>During a subsequent meeting with a former British Military Attach\u00e9, Edward Cowan, the attach\u00e9 equated the Croatian and Serbian positions, claiming there were \u201cnationalists on both sides.\u201d Noticing Dr. \u0160tambuk&#8217;s displeasure, Mrs. Thatcher clenched her fist, struck her chest several times, asking: &#8220;What&#8217;s wrong with being a nationalist? I&#8217;m a British nationalist.\u201d The attach\u00e9 recoiled, and Mrs. Thatcher later turned to Dr. \u0160tambuk and remarked: &#8220;Haven\u2019t we taught him a lesson?&#8221; Shortly thereafter, she was preparing a press statement calling for the aggression to be stopped by force. Her political secretary warned her: &#8220;The British Government will crucify you for this.&#8221; She paused at the exit and stated: &#8220;If it&#8217;s a matter of crucifying me or Croatia, then it&#8217;s better to crucify me.&#8221;<\/p>\n<h3>The War\u2019s Outcome Would Have Been Different<\/h3>\n<p>The final address in the series was given by Dr Ejup Gani\u0107, former member of the Presidency of Bosnia and Herzegovina. He reflected on her prophetic statement: &#8220;When you meet a dictator, you have a chance to stop him at the beginning. If you don&#8217;t stop him, he will achieve all his goals, and he will end up being the main negotiator for a peaceful settlement to the conflict that he himself caused.\u201d He noted that this prophecy was fulfilled with Slobodan Milo\u0161evi\u0107, demonstrating her prudence and foresight. Mr. Gani\u0107 highlighted the importance of her article for the New York Times, which helped place Bosnia and Herzegovina on the global political map. Finally, he described her assistance in founding the first private university in Bosnia and Herzegovina.<\/p>\n<figure id=\"attachment_3546\" aria-describedby=\"caption-attachment-3546\" style=\"width: 900px\" class=\"wp-caption alignnone\"><img loading=\"lazy\" decoding=\"async\" class=\"img-responsive wp-image-3546\" src=\"https:\/\/cok.hr\/en\/wp-content\/uploads\/2025\/10\/Margaret-Thatcher-1925-2025_4-270x180.jpg\" alt=\"\" width=\"900\" height=\"600\" srcset=\"https:\/\/cok.hr\/en\/wp-content\/uploads\/2025\/10\/Margaret-Thatcher-1925-2025_4-270x180.jpg 270w, https:\/\/cok.hr\/en\/wp-content\/uploads\/2025\/10\/Margaret-Thatcher-1925-2025_4-1024x683.jpg 1024w, https:\/\/cok.hr\/en\/wp-content\/uploads\/2025\/10\/Margaret-Thatcher-1925-2025_4-768x512.jpg 768w, https:\/\/cok.hr\/en\/wp-content\/uploads\/2025\/10\/Margaret-Thatcher-1925-2025_4-1536x1024.jpg 1536w, https:\/\/cok.hr\/en\/wp-content\/uploads\/2025\/10\/Margaret-Thatcher-1925-2025_4-1000x667.jpg 1000w, https:\/\/cok.hr\/en\/wp-content\/uploads\/2025\/10\/Margaret-Thatcher-1925-2025_4-230x153.jpg 230w, https:\/\/cok.hr\/en\/wp-content\/uploads\/2025\/10\/Margaret-Thatcher-1925-2025_4-350x233.jpg 350w, https:\/\/cok.hr\/en\/wp-content\/uploads\/2025\/10\/Margaret-Thatcher-1925-2025_4-480x320.jpg 480w, https:\/\/cok.hr\/en\/wp-content\/uploads\/2025\/10\/Margaret-Thatcher-1925-2025_4.jpg 1920w\" sizes=\"(max-width: 900px) 100vw, 900px\" \/><figcaption id=\"caption-attachment-3546\" class=\"wp-caption-text\">All speakers from the conference &#8216;Margaret Thatcher 1925-2025&#8217;<\/figcaption><\/figure>\n<p>The closing panel was moderated by the Secretary of the Centre for Renewal of Culture, Mate \u0106uri\u0107. Speakers reflected on the lessons Mrs. Thatcher could offer modern politicians, the Dayton Agreement, and the failure of the EU and other powers to truly grasp the situation in Yugoslavia, which she understood so quickly. All concurred that the outcome of the war would have been different had she remained in power, and that her ideas on freedom, private initiative, and sovereignty remain highly relevant today.<\/p>\n","protected":false},"excerpt":{"rendered":"<p>October 2025 marks the centenary of the birth of the great British stateswoman and friend of the Croatian people, the late Margaret Thatcher. COK commemorated the centenary with a special conference held in Zagreb.<\/p>\n","protected":false},"author":4,"featured_media":3544,"comment_status":"closed","ping_status":"closed","sticky":false,"template":"","format":"standard","meta":{"footnotes":""},"categories":[235],"tags":[399,323,403,79,400,401,310,66,358,402,124,404,264,324],"class_list":["post-3543","post","type-post","status-publish","format-standard","has-post-thumbnail","hentry","category-events","tag-alojz-peterle","tag-bosnia-and-herzegovina","tag-centenary-of-birth-of-margaret-thatcher","tag-dr-mate-granic","tag-drago-stambuk","tag-ejup-ganic","tag-homeland-war","tag-john-osullivan","tag-keith-miles","tag-marek-matraszek","tag-margaret-thatcher","tag-margaret-thatcher-1925-2025","tag-robin-harris-en","tag-slovenia"],"yoast_head":"<!-- This site is optimized with the Yoast SEO plugin v27.3 - https:\/\/yoast.com\/product\/yoast-seo-wordpress\/ -->\n<title>Conference &#039;Margaret Thatcher 1925-2025&#039; held in Zagreb<\/title>\n<meta name=\"description\" content=\"Conference &#039;Margaret Thatcher 1925-2025&#039; was held in Zagreb on October 27, marking the centenary of the birth of the great British PM.\" \/>\n<meta name=\"robots\" content=\"index, follow, max-snippet:-1, max-image-preview:large, max-video-preview:-1\" \/>\n<link rel=\"canonical\" href=\"https:\/\/cok.hr\/en\/conference-margaret-thatcher-1925-2025-held-in-zagreb\/\" \/>\n<meta property=\"og:locale\" content=\"en_GB\" \/>\n<meta property=\"og:type\" content=\"article\" \/>\n<meta property=\"og:title\" content=\"Conference &#039;Margaret Thatcher 1925-2025&#039; held in Zagreb\" \/>\n<meta property=\"og:description\" content=\"Conference &#039;Margaret Thatcher 1925-2025&#039; was held in Zagreb on October 27, marking the centenary of the birth of the great British PM.\" \/>\n<meta property=\"og:url\" content=\"https:\/\/cok.hr\/en\/conference-margaret-thatcher-1925-2025-held-in-zagreb\/\" \/>\n<meta property=\"og:site_name\" content=\"Center for the Renewal of Culture\" \/>\n<meta property=\"article:publisher\" content=\"https:\/\/www.facebook.com\/cok.hr\/\" \/>\n<meta property=\"article:published_time\" content=\"2025-10-31T15:45:27+00:00\" \/>\n<meta property=\"article:modified_time\" content=\"2025-11-03T04:43:58+00:00\" \/>\n<meta property=\"og:image\" content=\"https:\/\/cok.hr\/en\/wp-content\/uploads\/2025\/10\/Margaret-Thatcher-1925-2025.jpg\" \/>\n\t<meta property=\"og:image:width\" content=\"1920\" \/>\n\t<meta property=\"og:image:height\" content=\"1280\" \/>\n\t<meta property=\"og:image:type\" content=\"image\/jpeg\" \/>\n<meta name=\"author\" content=\"COK\" \/>\n<meta name=\"twitter:card\" content=\"summary_large_image\" \/>\n<meta name=\"twitter:label1\" content=\"Written by\" \/>\n\t<meta name=\"twitter:data1\" content=\"COK\" \/>\n\t<meta name=\"twitter:label2\" content=\"Estimated reading time\" \/>\n\t<meta name=\"twitter:data2\" content=\"9 minutes\" \/>\n<script type=\"application\/ld+json\" class=\"yoast-schema-graph\">{\"@context\":\"https:\\\/\\\/schema.org\",\"@graph\":[{\"@type\":\"Article\",\"@id\":\"https:\\\/\\\/cok.hr\\\/en\\\/conference-margaret-thatcher-1925-2025-held-in-zagreb\\\/#article\",\"isPartOf\":{\"@id\":\"https:\\\/\\\/cok.hr\\\/en\\\/conference-margaret-thatcher-1925-2025-held-in-zagreb\\\/\"},\"author\":{\"name\":\"COK\",\"@id\":\"https:\\\/\\\/cok.hr\\\/en\\\/#\\\/schema\\\/person\\\/27c938386f1d425c92a9ec11310bf91d\"},\"headline\":\"Conference &#8216;Margaret Thatcher 1925-2025&#8217; marking the centenary of her birth held in Zagreb\",\"datePublished\":\"2025-10-31T15:45:27+00:00\",\"dateModified\":\"2025-11-03T04:43:58+00:00\",\"mainEntityOfPage\":{\"@id\":\"https:\\\/\\\/cok.hr\\\/en\\\/conference-margaret-thatcher-1925-2025-held-in-zagreb\\\/\"},\"wordCount\":1624,\"publisher\":{\"@id\":\"https:\\\/\\\/cok.hr\\\/en\\\/#organization\"},\"image\":{\"@id\":\"https:\\\/\\\/cok.hr\\\/en\\\/conference-margaret-thatcher-1925-2025-held-in-zagreb\\\/#primaryimage\"},\"thumbnailUrl\":\"https:\\\/\\\/cok.hr\\\/en\\\/wp-content\\\/uploads\\\/2025\\\/10\\\/Margaret-Thatcher-1925-2025.jpg\",\"keywords\":[\"Alojz Peterle\",\"Bosnia and Herzegovina\",\"Centenary of birth of Margaret Thatcher\",\"Dr. Mate Grani\u0107\",\"Drago \u0160tambuk\",\"Ejup Gani\u0107\",\"Homeland War\",\"John O'Sullivan\",\"Keith Miles\",\"Marek Matraszek\",\"Margaret Thatcher\",\"Margaret Thatcher 1925-2025\",\"Robin Harris\",\"Slovenia\"],\"articleSection\":[\"Events\"],\"inLanguage\":\"en-GB\"},{\"@type\":\"WebPage\",\"@id\":\"https:\\\/\\\/cok.hr\\\/en\\\/conference-margaret-thatcher-1925-2025-held-in-zagreb\\\/\",\"url\":\"https:\\\/\\\/cok.hr\\\/en\\\/conference-margaret-thatcher-1925-2025-held-in-zagreb\\\/\",\"name\":\"Conference 'Margaret Thatcher 1925-2025' held in Zagreb\",\"isPartOf\":{\"@id\":\"https:\\\/\\\/cok.hr\\\/en\\\/#website\"},\"primaryImageOfPage\":{\"@id\":\"https:\\\/\\\/cok.hr\\\/en\\\/conference-margaret-thatcher-1925-2025-held-in-zagreb\\\/#primaryimage\"},\"image\":{\"@id\":\"https:\\\/\\\/cok.hr\\\/en\\\/conference-margaret-thatcher-1925-2025-held-in-zagreb\\\/#primaryimage\"},\"thumbnailUrl\":\"https:\\\/\\\/cok.hr\\\/en\\\/wp-content\\\/uploads\\\/2025\\\/10\\\/Margaret-Thatcher-1925-2025.jpg\",\"datePublished\":\"2025-10-31T15:45:27+00:00\",\"dateModified\":\"2025-11-03T04:43:58+00:00\",\"description\":\"Conference 'Margaret Thatcher 1925-2025' was held in Zagreb on October 27, marking the centenary of the birth of the great British PM.\",\"breadcrumb\":{\"@id\":\"https:\\\/\\\/cok.hr\\\/en\\\/conference-margaret-thatcher-1925-2025-held-in-zagreb\\\/#breadcrumb\"},\"inLanguage\":\"en-GB\",\"potentialAction\":[{\"@type\":\"ReadAction\",\"target\":[\"https:\\\/\\\/cok.hr\\\/en\\\/conference-margaret-thatcher-1925-2025-held-in-zagreb\\\/\"]}]},{\"@type\":\"ImageObject\",\"inLanguage\":\"en-GB\",\"@id\":\"https:\\\/\\\/cok.hr\\\/en\\\/conference-margaret-thatcher-1925-2025-held-in-zagreb\\\/#primaryimage\",\"url\":\"https:\\\/\\\/cok.hr\\\/en\\\/wp-content\\\/uploads\\\/2025\\\/10\\\/Margaret-Thatcher-1925-2025.jpg\",\"contentUrl\":\"https:\\\/\\\/cok.hr\\\/en\\\/wp-content\\\/uploads\\\/2025\\\/10\\\/Margaret-Thatcher-1925-2025.jpg\",\"width\":1920,\"height\":1280,\"caption\":\"Conference Margaret Thatcher 1925-2025\"},{\"@type\":\"BreadcrumbList\",\"@id\":\"https:\\\/\\\/cok.hr\\\/en\\\/conference-margaret-thatcher-1925-2025-held-in-zagreb\\\/#breadcrumb\",\"itemListElement\":[{\"@type\":\"ListItem\",\"position\":1,\"name\":\"Home\",\"item\":\"https:\\\/\\\/cok.hr\\\/en\\\/\"},{\"@type\":\"ListItem\",\"position\":2,\"name\":\"Conference &#8216;Margaret Thatcher 1925-2025&#8217; marking the centenary of her birth held in Zagreb\"}]},{\"@type\":\"WebSite\",\"@id\":\"https:\\\/\\\/cok.hr\\\/en\\\/#website\",\"url\":\"https:\\\/\\\/cok.hr\\\/en\\\/\",\"name\":\"Centar za obnovu kulture | Center for the Renewal of Culture\",\"description\":\"The centre of our efforts is the renewal of the Croatian culture, in a broader sense.\",\"publisher\":{\"@id\":\"https:\\\/\\\/cok.hr\\\/en\\\/#organization\"},\"potentialAction\":[{\"@type\":\"SearchAction\",\"target\":{\"@type\":\"EntryPoint\",\"urlTemplate\":\"https:\\\/\\\/cok.hr\\\/en\\\/?s={search_term_string}\"},\"query-input\":{\"@type\":\"PropertyValueSpecification\",\"valueRequired\":true,\"valueName\":\"search_term_string\"}}],\"inLanguage\":\"en-GB\"},{\"@type\":\"Organization\",\"@id\":\"https:\\\/\\\/cok.hr\\\/en\\\/#organization\",\"name\":\"Centar za obnovu kulture\",\"url\":\"https:\\\/\\\/cok.hr\\\/en\\\/\",\"logo\":{\"@type\":\"ImageObject\",\"inLanguage\":\"en-GB\",\"@id\":\"https:\\\/\\\/cok.hr\\\/en\\\/#\\\/schema\\\/logo\\\/image\\\/\",\"url\":\"https:\\\/\\\/cok.hr\\\/en\\\/wp-content\\\/uploads\\\/2018\\\/09\\\/logo-street.png\",\"contentUrl\":\"https:\\\/\\\/cok.hr\\\/en\\\/wp-content\\\/uploads\\\/2018\\\/09\\\/logo-street.png\",\"width\":1279,\"height\":533,\"caption\":\"Centar za obnovu kulture\"},\"image\":{\"@id\":\"https:\\\/\\\/cok.hr\\\/en\\\/#\\\/schema\\\/logo\\\/image\\\/\"},\"sameAs\":[\"https:\\\/\\\/www.facebook.com\\\/cok.hr\\\/\"]},{\"@type\":\"Person\",\"@id\":\"https:\\\/\\\/cok.hr\\\/en\\\/#\\\/schema\\\/person\\\/27c938386f1d425c92a9ec11310bf91d\",\"name\":\"COK\",\"image\":{\"@type\":\"ImageObject\",\"inLanguage\":\"en-GB\",\"@id\":\"https:\\\/\\\/secure.gravatar.com\\\/avatar\\\/847edbf2297cf3fa97e212b79dfb3b1d1c84d834f4f4defe90eafef01689d09c?s=96&d=mm&r=g\",\"url\":\"https:\\\/\\\/secure.gravatar.com\\\/avatar\\\/847edbf2297cf3fa97e212b79dfb3b1d1c84d834f4f4defe90eafef01689d09c?s=96&d=mm&r=g\",\"contentUrl\":\"https:\\\/\\\/secure.gravatar.com\\\/avatar\\\/847edbf2297cf3fa97e212b79dfb3b1d1c84d834f4f4defe90eafef01689d09c?s=96&d=mm&r=g\",\"caption\":\"COK\"},\"url\":\"https:\\\/\\\/cok.hr\\\/en\\\/author\\\/cok\\\/\"}]}<\/script>\n<!-- \/ Yoast SEO plugin. -->","yoast_head_json":{"title":"Conference 'Margaret Thatcher 1925-2025' held in Zagreb","description":"Conference 'Margaret Thatcher 1925-2025' was held in Zagreb on October 27, marking the centenary of the birth of the great British PM.","robots":{"index":"index","follow":"follow","max-snippet":"max-snippet:-1","max-image-preview":"max-image-preview:large","max-video-preview":"max-video-preview:-1"},"canonical":"https:\/\/cok.hr\/en\/conference-margaret-thatcher-1925-2025-held-in-zagreb\/","og_locale":"en_GB","og_type":"article","og_title":"Conference 'Margaret Thatcher 1925-2025' held in Zagreb","og_description":"Conference 'Margaret Thatcher 1925-2025' was held in Zagreb on October 27, marking the centenary of the birth of the great British PM.","og_url":"https:\/\/cok.hr\/en\/conference-margaret-thatcher-1925-2025-held-in-zagreb\/","og_site_name":"Center for the Renewal of Culture","article_publisher":"https:\/\/www.facebook.com\/cok.hr\/","article_published_time":"2025-10-31T15:45:27+00:00","article_modified_time":"2025-11-03T04:43:58+00:00","og_image":[{"width":1920,"height":1280,"url":"https:\/\/cok.hr\/en\/wp-content\/uploads\/2025\/10\/Margaret-Thatcher-1925-2025.jpg","type":"image\/jpeg"}],"author":"COK","twitter_card":"summary_large_image","twitter_misc":{"Written by":"COK","Estimated reading time":"9 minutes"},"schema":{"@context":"https:\/\/schema.org","@graph":[{"@type":"Article","@id":"https:\/\/cok.hr\/en\/conference-margaret-thatcher-1925-2025-held-in-zagreb\/#article","isPartOf":{"@id":"https:\/\/cok.hr\/en\/conference-margaret-thatcher-1925-2025-held-in-zagreb\/"},"author":{"name":"COK","@id":"https:\/\/cok.hr\/en\/#\/schema\/person\/27c938386f1d425c92a9ec11310bf91d"},"headline":"Conference &#8216;Margaret Thatcher 1925-2025&#8217; marking the centenary of her birth held in Zagreb","datePublished":"2025-10-31T15:45:27+00:00","dateModified":"2025-11-03T04:43:58+00:00","mainEntityOfPage":{"@id":"https:\/\/cok.hr\/en\/conference-margaret-thatcher-1925-2025-held-in-zagreb\/"},"wordCount":1624,"publisher":{"@id":"https:\/\/cok.hr\/en\/#organization"},"image":{"@id":"https:\/\/cok.hr\/en\/conference-margaret-thatcher-1925-2025-held-in-zagreb\/#primaryimage"},"thumbnailUrl":"https:\/\/cok.hr\/en\/wp-content\/uploads\/2025\/10\/Margaret-Thatcher-1925-2025.jpg","keywords":["Alojz Peterle","Bosnia and Herzegovina","Centenary of birth of Margaret Thatcher","Dr. Mate Grani\u0107","Drago \u0160tambuk","Ejup Gani\u0107","Homeland War","John O'Sullivan","Keith Miles","Marek Matraszek","Margaret Thatcher","Margaret Thatcher 1925-2025","Robin Harris","Slovenia"],"articleSection":["Events"],"inLanguage":"en-GB"},{"@type":"WebPage","@id":"https:\/\/cok.hr\/en\/conference-margaret-thatcher-1925-2025-held-in-zagreb\/","url":"https:\/\/cok.hr\/en\/conference-margaret-thatcher-1925-2025-held-in-zagreb\/","name":"Conference 'Margaret Thatcher 1925-2025' held in Zagreb","isPartOf":{"@id":"https:\/\/cok.hr\/en\/#website"},"primaryImageOfPage":{"@id":"https:\/\/cok.hr\/en\/conference-margaret-thatcher-1925-2025-held-in-zagreb\/#primaryimage"},"image":{"@id":"https:\/\/cok.hr\/en\/conference-margaret-thatcher-1925-2025-held-in-zagreb\/#primaryimage"},"thumbnailUrl":"https:\/\/cok.hr\/en\/wp-content\/uploads\/2025\/10\/Margaret-Thatcher-1925-2025.jpg","datePublished":"2025-10-31T15:45:27+00:00","dateModified":"2025-11-03T04:43:58+00:00","description":"Conference 'Margaret Thatcher 1925-2025' was held in Zagreb on October 27, marking the centenary of the birth of the great British PM.","breadcrumb":{"@id":"https:\/\/cok.hr\/en\/conference-margaret-thatcher-1925-2025-held-in-zagreb\/#breadcrumb"},"inLanguage":"en-GB","potentialAction":[{"@type":"ReadAction","target":["https:\/\/cok.hr\/en\/conference-margaret-thatcher-1925-2025-held-in-zagreb\/"]}]},{"@type":"ImageObject","inLanguage":"en-GB","@id":"https:\/\/cok.hr\/en\/conference-margaret-thatcher-1925-2025-held-in-zagreb\/#primaryimage","url":"https:\/\/cok.hr\/en\/wp-content\/uploads\/2025\/10\/Margaret-Thatcher-1925-2025.jpg","contentUrl":"https:\/\/cok.hr\/en\/wp-content\/uploads\/2025\/10\/Margaret-Thatcher-1925-2025.jpg","width":1920,"height":1280,"caption":"Conference Margaret Thatcher 1925-2025"},{"@type":"BreadcrumbList","@id":"https:\/\/cok.hr\/en\/conference-margaret-thatcher-1925-2025-held-in-zagreb\/#breadcrumb","itemListElement":[{"@type":"ListItem","position":1,"name":"Home","item":"https:\/\/cok.hr\/en\/"},{"@type":"ListItem","position":2,"name":"Conference &#8216;Margaret Thatcher 1925-2025&#8217; marking the centenary of her birth held in Zagreb"}]},{"@type":"WebSite","@id":"https:\/\/cok.hr\/en\/#website","url":"https:\/\/cok.hr\/en\/","name":"Centar za obnovu kulture | Center for the Renewal of Culture","description":"The centre of our efforts is the renewal of the Croatian culture, in a broader sense.","publisher":{"@id":"https:\/\/cok.hr\/en\/#organization"},"potentialAction":[{"@type":"SearchAction","target":{"@type":"EntryPoint","urlTemplate":"https:\/\/cok.hr\/en\/?s={search_term_string}"},"query-input":{"@type":"PropertyValueSpecification","valueRequired":true,"valueName":"search_term_string"}}],"inLanguage":"en-GB"},{"@type":"Organization","@id":"https:\/\/cok.hr\/en\/#organization","name":"Centar za obnovu kulture","url":"https:\/\/cok.hr\/en\/","logo":{"@type":"ImageObject","inLanguage":"en-GB","@id":"https:\/\/cok.hr\/en\/#\/schema\/logo\/image\/","url":"https:\/\/cok.hr\/en\/wp-content\/uploads\/2018\/09\/logo-street.png","contentUrl":"https:\/\/cok.hr\/en\/wp-content\/uploads\/2018\/09\/logo-street.png","width":1279,"height":533,"caption":"Centar za obnovu kulture"},"image":{"@id":"https:\/\/cok.hr\/en\/#\/schema\/logo\/image\/"},"sameAs":["https:\/\/www.facebook.com\/cok.hr\/"]},{"@type":"Person","@id":"https:\/\/cok.hr\/en\/#\/schema\/person\/27c938386f1d425c92a9ec11310bf91d","name":"COK","image":{"@type":"ImageObject","inLanguage":"en-GB","@id":"https:\/\/secure.gravatar.com\/avatar\/847edbf2297cf3fa97e212b79dfb3b1d1c84d834f4f4defe90eafef01689d09c?s=96&d=mm&r=g","url":"https:\/\/secure.gravatar.com\/avatar\/847edbf2297cf3fa97e212b79dfb3b1d1c84d834f4f4defe90eafef01689d09c?s=96&d=mm&r=g","contentUrl":"https:\/\/secure.gravatar.com\/avatar\/847edbf2297cf3fa97e212b79dfb3b1d1c84d834f4f4defe90eafef01689d09c?s=96&d=mm&r=g","caption":"COK"},"url":"https:\/\/cok.hr\/en\/author\/cok\/"}]}},"_links":{"self":[{"href":"https:\/\/cok.hr\/en\/wp-json\/wp\/v2\/posts\/3543","targetHints":{"allow":["GET"]}}],"collection":[{"href":"https:\/\/cok.hr\/en\/wp-json\/wp\/v2\/posts"}],"about":[{"href":"https:\/\/cok.hr\/en\/wp-json\/wp\/v2\/types\/post"}],"author":[{"embeddable":true,"href":"https:\/\/cok.hr\/en\/wp-json\/wp\/v2\/users\/4"}],"replies":[{"embeddable":true,"href":"https:\/\/cok.hr\/en\/wp-json\/wp\/v2\/comments?post=3543"}],"version-history":[{"count":3,"href":"https:\/\/cok.hr\/en\/wp-json\/wp\/v2\/posts\/3543\/revisions"}],"predecessor-version":[{"id":3548,"href":"https:\/\/cok.hr\/en\/wp-json\/wp\/v2\/posts\/3543\/revisions\/3548"}],"wp:featuredmedia":[{"embeddable":true,"href":"https:\/\/cok.hr\/en\/wp-json\/wp\/v2\/media\/3544"}],"wp:attachment":[{"href":"https:\/\/cok.hr\/en\/wp-json\/wp\/v2\/media?parent=3543"}],"wp:term":[{"taxonomy":"category","embeddable":true,"href":"https:\/\/cok.hr\/en\/wp-json\/wp\/v2\/categories?post=3543"},{"taxonomy":"post_tag","embeddable":true,"href":"https:\/\/cok.hr\/en\/wp-json\/wp\/v2\/tags?post=3543"}],"curies":[{"name":"wp","href":"https:\/\/api.w.org\/{rel}","templated":true}]}}